{"id":4677,"date":"2022-03-21T17:06:50","date_gmt":"2022-03-21T16:06:50","guid":{"rendered":"http:\/\/www.chamannajenatsch.ch\/?p=4677"},"modified":"2022-03-21T17:06:52","modified_gmt":"2022-03-21T16:06:52","slug":"raetseln-und-strom","status":"publish","type":"post","link":"https:\/\/www.chamannajenatsch.ch\/en\/2022\/03\/21\/raetseln-und-strom\/","title":{"rendered":"R\u00e4tseln und Strom"},"content":{"rendered":"<p>Marica hat Anfang Saison von einer Kollegin ein R\u00e4tselheft bekommen, als diese zu Besuch gekommen ist. Das liegt jetzt manchmal auf unserem K\u00fcchentisch und Marica r\u00e4tselt oder wir r\u00e4tseln zusammen. Eigentlich ganz praktisch so f\u00fcr zwischendurch, 1-2 W\u00f6rter und zack kann man wieder die n\u00e4chsten G\u00e4ste bedienen. Also jetzt bedient Dani, ich schreibe euch und Nici und Marica sind am R\u00e4tseln. Ich komme deshalb aber auch nicht rasend schnell mit dem Tagebuch vorw\u00e4rts da ich zwischendurch mith\u00f6ren und r\u00e4tseln muss \ud83d\ude09<\/p>\n\n\n\n<p>Heute ist ein Fullhouse-Montag und wir haben schon etliche Kilo Kartofflis gesch\u00e4lt und geschnippelt, Betten und Tischsitzpl\u00e4tze verteilt und wieder umverteilt, Bier ausgeschenkt und Schoggikuchen verkauft. Und Dani verz\u00e4hlt wieder den G\u00e4sten von den Kindern im Keller, die auf dem Stromvelo sitzen um die Handys der G\u00e4ste zu laden \ud83d\ude09 Unsere f\u00fcnf Steckdosen in der Stube waren n\u00e4mlich mal wieder alle besetzt und mehr Strom produzieren die Kinder auf den Stromvelos eben nicht \ud83d\ude09 Ja, manchmal finden die G\u00e4ste es lustig und manchmal eben nicht \ud83d\ude1b Aber wir m\u00fcssen immer lachen in der K\u00fcche wenn Dani wieder mit dem Argument kommt. Mit 5 Steckdosen sollten ja sogar 60 Leute in mehreren Stunden ihr Handy laden k\u00f6nnen und es ist ja auch ganz gut sich bewusst zu sein, dass Strom produziert werden muss und nicht einfach immer und unlimitiert verf\u00fcgbar ist. Auch wenn die Sonne und das Wasser den Strom produziert \ud83d\ude09<\/p>\n\n\n\n<p>Ja, dann kommen jetzt langsam die letzten an und ich verabschiede mich f\u00fcr heute. Marica wird morgen ein paar Tage frei haben, aber auch hier sollte es ruhiger werden bis am Freitag, so dass wir drei uns hoffentlich auch noch ein bisschen erholen k\u00f6nnen. Langsam h\u00e4ngt die Saison n\u00e4mlich an und zumindest Dani und ich sind doch schon ein wenig m\u00fcde \ud83d\ude09<\/p>","protected":false},"excerpt":{"rendered":"<p>Marica hat Anfang Saison von einer Kollegin ein R\u00e4tselheft bekommen, als diese zu Besuch gekommen ist. Das liegt jetzt manchmal auf unserem K\u00fcchentisch und Marica r\u00e4tselt oder wir r\u00e4tseln zusammen. Eigentlich ganz praktisch so f\u00fcr zwischendurch, 1-2 W\u00f6rter und zack<\/p>","protected":false},"author":1,"featured_media":0,"comment_status":"closed","ping_status":"closed","sticky":false,"template":"","format":"standard","meta":{"inline_featured_image":false,"footnotes":""},"categories":[1],"tags":[],"class_list":["post-4677","post","type-post","status-publish","format-standard","hentry","category-allgemein"],"_links":{"self":[{"href":"https:\/\/www.chamannajenatsch.ch\/en\/wp-json\/wp\/v2\/posts\/4677","targetHints":{"allow":["GET"]}}],"collection":[{"href":"https:\/\/www.chamannajenatsch.ch\/en\/wp-json\/wp\/v2\/posts"}],"about":[{"href":"https:\/\/www.chamannajenatsch.ch\/en\/wp-json\/wp\/v2\/types\/post"}],"author":[{"embeddable":true,"href":"https:\/\/www.chamannajenatsch.ch\/en\/wp-json\/wp\/v2\/users\/1"}],"replies":[{"embeddable":true,"href":"https:\/\/www.chamannajenatsch.ch\/en\/wp-json\/wp\/v2\/comments?post=4677"}],"version-history":[{"count":1,"href":"https:\/\/www.chamannajenatsch.ch\/en\/wp-json\/wp\/v2\/posts\/4677\/revisions"}],"predecessor-version":[{"id":4678,"href":"https:\/\/www.chamannajenatsch.ch\/en\/wp-json\/wp\/v2\/posts\/4677\/revisions\/4678"}],"wp:attachment":[{"href":"https:\/\/www.chamannajenatsch.ch\/en\/wp-json\/wp\/v2\/media?parent=4677"}],"wp:term":[{"taxonomy":"category","embeddable":true,"href":"https:\/\/www.chamannajenatsch.ch\/en\/wp-json\/wp\/v2\/categories?post=4677"},{"taxonomy":"post_tag","embeddable":true,"href":"https:\/\/www.chamannajenatsch.ch\/en\/wp-json\/wp\/v2\/tags?post=4677"}],"curies":[{"name":"wp","href":"https:\/\/api.w.org\/{rel}","templated":true}]}}