{"id":4729,"date":"2022-04-05T18:00:59","date_gmt":"2022-04-05T16:00:59","guid":{"rendered":"http:\/\/www.chamannajenatsch.ch\/?p=4729"},"modified":"2022-04-05T18:01:01","modified_gmt":"2022-04-05T16:01:01","slug":"nicht-nach-plan","status":"publish","type":"post","link":"https:\/\/www.chamannajenatsch.ch\/en\/2022\/04\/05\/nicht-nach-plan\/","title":{"rendered":"Nicht nach Plan"},"content":{"rendered":"<p>Der gestrige Tag lief ganz gut zu dritt mit unseren vielen G\u00e4sten. Simon kam beim Abwasch helfen und nachher nahmen wir noch gem\u00fctlich ein Schn\u00e4psli mit zwei Bergf\u00fchrern in der K\u00fcche. <\/p>\n\n\n\n<p>Heute Morgen gings dann nicht ganz nach unserem \u00fcblichen Plan. Die Rega war noch hier um jemanden abzuholen der nicht mehr rauslaufen konnte und die \u00c4rztin hat auch noch schnell Dani&#8217;s Hand verarztet nach seiner Verletzung von vorgestern. Die ist n\u00e4mlich ein bisschen geschwollen&#8230; Hoffentlich von der Prellung und nicht wegen einer Entz\u00fcndung. Er sollte die Hand nun ruhig halten, h\u00f6h\u00f6 nicht ganz einfach hier oben. Es war also schon etwa 10 Uhr als wir mit dem H\u00fcttenwusel angefangen haben. Kurz sp\u00e4ter kam dann bereits die erste Gruppe wieder zur\u00fcck von der Tour und hat bei uns noch Kaffee\/Kuchen Stop gemacht bevor sie weiter nach Preda abgefahren sind. Also zwischen dem H\u00fcttenputz noch eine Runde Kaffee machen udn bis das Haus dann sauber war, war es auch schon Mittagszeit und die ersten R\u00f6sti wollten gegessen werden. <\/p>\n\n\n\n<p>Nachher wurde es dann aber ein bisschen ruhiger und wir haben noch ein neues Menu ausprobiert. Nachdem es Romanesco momentan bei Alfredo unserem Gem\u00fcseh\u00e4ndler f\u00fcr einen guten Preis gibt, m\u00fcssen wir den nun auch verkochen \ud83d\ude09 Es gibt also ein Gratin mit B\u00e9charmel, ein bisschen wie es fr\u00fcher bei Mami gab mit Blumenkohl \ud83d\ude09<\/p>\n\n\n\n<p><\/p>","protected":false},"excerpt":{"rendered":"<p>Der gestrige Tag lief ganz gut zu dritt mit unseren vielen G\u00e4sten. Simon kam beim Abwasch helfen und nachher nahmen wir noch gem\u00fctlich ein Schn\u00e4psli mit zwei Bergf\u00fchrern in der K\u00fcche. Heute Morgen gings dann nicht ganz nach unserem \u00fcblichen<\/p>","protected":false},"author":1,"featured_media":0,"comment_status":"closed","ping_status":"closed","sticky":false,"template":"","format":"standard","meta":{"inline_featured_image":false,"footnotes":""},"categories":[1],"tags":[],"class_list":["post-4729","post","type-post","status-publish","format-standard","hentry","category-allgemein"],"_links":{"self":[{"href":"https:\/\/www.chamannajenatsch.ch\/en\/wp-json\/wp\/v2\/posts\/4729","targetHints":{"allow":["GET"]}}],"collection":[{"href":"https:\/\/www.chamannajenatsch.ch\/en\/wp-json\/wp\/v2\/posts"}],"about":[{"href":"https:\/\/www.chamannajenatsch.ch\/en\/wp-json\/wp\/v2\/types\/post"}],"author":[{"embeddable":true,"href":"https:\/\/www.chamannajenatsch.ch\/en\/wp-json\/wp\/v2\/users\/1"}],"replies":[{"embeddable":true,"href":"https:\/\/www.chamannajenatsch.ch\/en\/wp-json\/wp\/v2\/comments?post=4729"}],"version-history":[{"count":1,"href":"https:\/\/www.chamannajenatsch.ch\/en\/wp-json\/wp\/v2\/posts\/4729\/revisions"}],"predecessor-version":[{"id":4730,"href":"https:\/\/www.chamannajenatsch.ch\/en\/wp-json\/wp\/v2\/posts\/4729\/revisions\/4730"}],"wp:attachment":[{"href":"https:\/\/www.chamannajenatsch.ch\/en\/wp-json\/wp\/v2\/media?parent=4729"}],"wp:term":[{"taxonomy":"category","embeddable":true,"href":"https:\/\/www.chamannajenatsch.ch\/en\/wp-json\/wp\/v2\/categories?post=4729"},{"taxonomy":"post_tag","embeddable":true,"href":"https:\/\/www.chamannajenatsch.ch\/en\/wp-json\/wp\/v2\/tags?post=4729"}],"curies":[{"name":"wp","href":"https:\/\/api.w.org\/{rel}","templated":true}]}}