{"id":4971,"date":"2022-07-01T16:27:38","date_gmt":"2022-07-01T14:27:38","guid":{"rendered":"http:\/\/www.chamannajenatsch.ch\/?p=4971"},"modified":"2022-07-01T16:27:41","modified_gmt":"2022-07-01T14:27:41","slug":"boecke","status":"publish","type":"post","link":"https:\/\/www.chamannajenatsch.ch\/en\/2022\/07\/01\/boecke\/","title":{"rendered":"B\u00f6cke"},"content":{"rendered":"<p>Heute ist schon wieder ein sehr windiger Tag. Das Wetter war eigentlich gar nicht so schlecht. \u00dcber Mittag hat es ca. eine Stunde geregnet, aber der Rest des Tages war trocken und auch die Sonne hat sich zwischendurch gezeigt. Wir haben es trotzdem eher gem\u00fctlich angehen lassen. Jachen war das erste Mal diese Saison zu Besuch und so haben wir zwischen Zn\u00fcni und Zmittag in der H\u00fcttenk\u00fcche gepl\u00e4udert. Der Vorteil von Jachens Besuch: Man weiss nachher wieder wo die Steinb\u00f6cke sind! Vielleicht sind sie n\u00e4mlich auch schon l\u00e4nger rundherum und wir haben sie nur nicht gesehen&#8230; Sie sind n\u00e4mlich schon verdammt gut getarnt zwischen den Steinen und in den Felsen. Nicht genug gut f\u00fcr ein ge\u00fcbtes J\u00e4gerauge, Jachen hat sie w\u00e4hrend dem Zmittag aus dem Fenster heraus gesehen, obwohl er nur schauen wollte ob es regnet, dass er seine Schuhe von der Terrasse rettet \ud83d\ude09 Jaja, 13 B\u00f6cke haben wir gez\u00e4hlt, neben den Geissen mit Gitz die schon einige Tage oben in den Felsen oberhalb der H\u00fctte sind. <\/p>\n\n\n\n<p>Ihr seht, wir haben einige tierische Nachbarn hier oben \ud83d\ude09 Den Geier haben wir auch wieder gesehen auf seinem Rundflug heute. Unsere G\u00e4ste haben sich heute Zeit gelassen, bis auf eine 4er Gruppe, die fr\u00fch losgelaufen war und es trocken zur H\u00fctte geschafft hat. Alle anderen sind noch unterwegs (hoffentlich) und von 3 wissen wir schon, dass sie zu sp\u00e4t zum Nachtessen kommen werden&#8230; Nuje, gibt es kalte Pizza nachher&#8230; Es gibt bei uns immer noch etwas zu essen, wenn man sp\u00e4ter kommt, aber es ist f\u00fcr uns doch immer ein bisschen anstrengend, da wir wieder aufw\u00e4rmen m\u00fcssen, und nachher noch eine zweite Ladung Geschirr abwaschen muss, wenn eigentlich das gr\u00f6bste schon durch ist. Und abwaschen ist ja nicht sooo unsere Lieblingsbesch\u00e4ftigung \ud83d\ude09 Aber jetzt gehts an Pizza belegen, das machen wir lieber \ud83d\ude42<\/p>","protected":false},"excerpt":{"rendered":"<p>Heute ist schon wieder ein sehr windiger Tag. Das Wetter war eigentlich gar nicht so schlecht. \u00dcber Mittag hat es ca. eine Stunde geregnet, aber der Rest des Tages war trocken und auch die Sonne hat sich zwischendurch gezeigt. Wir<\/p>","protected":false},"author":1,"featured_media":0,"comment_status":"closed","ping_status":"closed","sticky":false,"template":"","format":"standard","meta":{"inline_featured_image":false,"footnotes":""},"categories":[1],"tags":[],"class_list":["post-4971","post","type-post","status-publish","format-standard","hentry","category-allgemein"],"_links":{"self":[{"href":"https:\/\/www.chamannajenatsch.ch\/en\/wp-json\/wp\/v2\/posts\/4971","targetHints":{"allow":["GET"]}}],"collection":[{"href":"https:\/\/www.chamannajenatsch.ch\/en\/wp-json\/wp\/v2\/posts"}],"about":[{"href":"https:\/\/www.chamannajenatsch.ch\/en\/wp-json\/wp\/v2\/types\/post"}],"author":[{"embeddable":true,"href":"https:\/\/www.chamannajenatsch.ch\/en\/wp-json\/wp\/v2\/users\/1"}],"replies":[{"embeddable":true,"href":"https:\/\/www.chamannajenatsch.ch\/en\/wp-json\/wp\/v2\/comments?post=4971"}],"version-history":[{"count":1,"href":"https:\/\/www.chamannajenatsch.ch\/en\/wp-json\/wp\/v2\/posts\/4971\/revisions"}],"predecessor-version":[{"id":4972,"href":"https:\/\/www.chamannajenatsch.ch\/en\/wp-json\/wp\/v2\/posts\/4971\/revisions\/4972"}],"wp:attachment":[{"href":"https:\/\/www.chamannajenatsch.ch\/en\/wp-json\/wp\/v2\/media?parent=4971"}],"wp:term":[{"taxonomy":"category","embeddable":true,"href":"https:\/\/www.chamannajenatsch.ch\/en\/wp-json\/wp\/v2\/categories?post=4971"},{"taxonomy":"post_tag","embeddable":true,"href":"https:\/\/www.chamannajenatsch.ch\/en\/wp-json\/wp\/v2\/tags?post=4971"}],"curies":[{"name":"wp","href":"https:\/\/api.w.org\/{rel}","templated":true}]}}