{"id":5029,"date":"2022-07-19T21:02:29","date_gmt":"2022-07-19T19:02:29","guid":{"rendered":"http:\/\/www.chamannajenatsch.ch\/?p=5029"},"modified":"2022-07-19T21:02:31","modified_gmt":"2022-07-19T19:02:31","slug":"grillwetter","status":"publish","type":"post","link":"https:\/\/www.chamannajenatsch.ch\/en\/2022\/07\/19\/grillwetter\/","title":{"rendered":"Grillwetter"},"content":{"rendered":"<p>Jaja wir haben heute den Grill angeschmissen, den Jachen vor x Jahren mal gebaut hat draussen. Bis jetzt hatten wir erst im Lockdown mal gegrillt, als wir alleine hier oben waren. Aber bei dem sch\u00f6nen Wetter und relativ wenigen G\u00e4sten, dachten wir, jetzt ist der perfekte Zeitpunkt. Gestern haben wir also Cervelat aus dem Tiefk\u00fchler genommen und heute Mittag hat es sich angef\u00fchlt wie in den Ferien. Dani hat gefeuert, wir lagen im Gras, haben unsere Slackline ausgiebig getestet, richtig gem\u00fctlich. Neben zwei Bikern und zwei Italienern kamen keine Tagesg\u00e4ste und so konnten wir es geniessen. M\u00e4gi kam noch mit zwei Kollegen und so hatten wir wenigstens noch ein bisschen Hilfe beim Cervelat essen, wir hatten nat\u00fcrlich auch noch ein paar W\u00fcrste f\u00fcr potentielle Mittagsg\u00e4ste aufgetaut. Die Rindli sind nun schon fast bei der H\u00fctte, so sch\u00f6n \ud83d\ude42 Vom Fahnenmast aus kann man schon das Gebimmele h\u00f6ren! Neben den 30 angemeldeten G\u00e4sten hatten wir auch wieder ein paar unangemeldete&#8230; Ja sch\u00f6n, dass es mehr \u00dcbernachtungen gibt, aber auch immer ein bisschen m\u00fchsam, da es f\u00fcr uns ja jedes Mal umplanen heisst. Vor allem wenn man dann erst 10 min vor dem Znacht am Tresen steht und gerne mitessen m\u00f6chte&#8230; <br>Und dann die ewigen Zmorgendiskussionen. Wir sind halt eine Bergh\u00fctte und kein Hotel zum Ausschlafen&#8230; 7 Uhr ist nun wirklich nicht soooo fr\u00fch, es gehen ja alle sp\u00e4testens um 22 Uhr zu Bett, also das sollte jetzt ausreichend Schlaf sein \ud83d\ude09 <\/p>","protected":false},"excerpt":{"rendered":"<p>Jaja wir haben heute den Grill angeschmissen, den Jachen vor x Jahren mal gebaut hat draussen. Bis jetzt hatten wir erst im Lockdown mal gegrillt, als wir alleine hier oben waren. Aber bei dem sch\u00f6nen Wetter und relativ wenigen G\u00e4sten,<\/p>","protected":false},"author":1,"featured_media":0,"comment_status":"closed","ping_status":"closed","sticky":false,"template":"","format":"standard","meta":{"inline_featured_image":false,"footnotes":""},"categories":[1],"tags":[],"class_list":["post-5029","post","type-post","status-publish","format-standard","hentry","category-allgemein"],"_links":{"self":[{"href":"https:\/\/www.chamannajenatsch.ch\/en\/wp-json\/wp\/v2\/posts\/5029","targetHints":{"allow":["GET"]}}],"collection":[{"href":"https:\/\/www.chamannajenatsch.ch\/en\/wp-json\/wp\/v2\/posts"}],"about":[{"href":"https:\/\/www.chamannajenatsch.ch\/en\/wp-json\/wp\/v2\/types\/post"}],"author":[{"embeddable":true,"href":"https:\/\/www.chamannajenatsch.ch\/en\/wp-json\/wp\/v2\/users\/1"}],"replies":[{"embeddable":true,"href":"https:\/\/www.chamannajenatsch.ch\/en\/wp-json\/wp\/v2\/comments?post=5029"}],"version-history":[{"count":1,"href":"https:\/\/www.chamannajenatsch.ch\/en\/wp-json\/wp\/v2\/posts\/5029\/revisions"}],"predecessor-version":[{"id":5030,"href":"https:\/\/www.chamannajenatsch.ch\/en\/wp-json\/wp\/v2\/posts\/5029\/revisions\/5030"}],"wp:attachment":[{"href":"https:\/\/www.chamannajenatsch.ch\/en\/wp-json\/wp\/v2\/media?parent=5029"}],"wp:term":[{"taxonomy":"category","embeddable":true,"href":"https:\/\/www.chamannajenatsch.ch\/en\/wp-json\/wp\/v2\/categories?post=5029"},{"taxonomy":"post_tag","embeddable":true,"href":"https:\/\/www.chamannajenatsch.ch\/en\/wp-json\/wp\/v2\/tags?post=5029"}],"curies":[{"name":"wp","href":"https:\/\/api.w.org\/{rel}","templated":true}]}}