{"id":5035,"date":"2022-07-22T17:27:46","date_gmt":"2022-07-22T15:27:46","guid":{"rendered":"http:\/\/www.chamannajenatsch.ch\/?p=5035"},"modified":"2022-07-22T17:27:48","modified_gmt":"2022-07-22T15:27:48","slug":"alles-am-freitag","status":"publish","type":"post","link":"https:\/\/www.chamannajenatsch.ch\/en\/2022\/07\/22\/alles-am-freitag\/","title":{"rendered":"Alles am Freitag"},"content":{"rendered":"<p>Puuh, heute war irgendwie mehr los! Die Tagesk\u00fcche hat einmal alles von unserer kleinen Karte gegeben heute. R\u00f6sti, Paangesch, Gerstensuppe, Kn\u00f6del, und viel Kuchen \ud83d\ude42<\/p>\n\n\n\n<p>Wir haben auch schon ein bisschen vorbereitet f\u00fcr das Wochenende und heute Brot, Zopf, Streuselkuchen und Linzertorte gebacken! Ihr k\u00f6nnt euch vorstellen, dass die Temperatur in der K\u00fcche fast so hoch ist nun wie bei euch im Unterland \ud83d\ude09 Nun gut, wir k\u00f6nnen wenigstens l\u00fcften und draussen sind es &#8222;nur&#8220; 20 Grad, auch wenn das f\u00fcr auf 2652 m auch definitiv genug ist. <\/p>\n\n\n\n<p>C\u00e9lia war heute morgen noch kurz mit Herny auf dem &#8222;Haufen&#8220;, das erste Mal im Sommer, nachdem das ein bisschen der Standard Hundespaziergang im Winter geworden ist. Der &#8222;Haufen&#8220; ist einfach der kleine H\u00fcgel vor dem Piz Picuogl, den man auf dem Weg zum Piz Calderas machen kann wenn man nicht zu weit laufen will, nicht so viel Zeit hat oder es oben st\u00fcrmt wie verr\u00fcckt. Heute war es mehr der Zeitkriterium, da C\u00e9lia nachher wieder da sein wollte zum uns helfen. <\/p>\n\n\n\n<p>So, jetzt haben wir den ganzen Nachmittag gewuselt, nun ist das Znacht zwar auf dem Herd, aber das Finetunig fehlt noch \ud83d\ude09<\/p>","protected":false},"excerpt":{"rendered":"<p>Puuh, heute war irgendwie mehr los! Die Tagesk\u00fcche hat einmal alles von unserer kleinen Karte gegeben heute. R\u00f6sti, Paangesch, Gerstensuppe, Kn\u00f6del, und viel Kuchen \ud83d\ude42 Wir haben auch schon ein bisschen vorbereitet f\u00fcr das Wochenende und heute Brot, Zopf, Streuselkuchen<\/p>","protected":false},"author":1,"featured_media":0,"comment_status":"closed","ping_status":"closed","sticky":false,"template":"","format":"standard","meta":{"inline_featured_image":false,"footnotes":""},"categories":[1],"tags":[],"class_list":["post-5035","post","type-post","status-publish","format-standard","hentry","category-allgemein"],"_links":{"self":[{"href":"https:\/\/www.chamannajenatsch.ch\/en\/wp-json\/wp\/v2\/posts\/5035","targetHints":{"allow":["GET"]}}],"collection":[{"href":"https:\/\/www.chamannajenatsch.ch\/en\/wp-json\/wp\/v2\/posts"}],"about":[{"href":"https:\/\/www.chamannajenatsch.ch\/en\/wp-json\/wp\/v2\/types\/post"}],"author":[{"embeddable":true,"href":"https:\/\/www.chamannajenatsch.ch\/en\/wp-json\/wp\/v2\/users\/1"}],"replies":[{"embeddable":true,"href":"https:\/\/www.chamannajenatsch.ch\/en\/wp-json\/wp\/v2\/comments?post=5035"}],"version-history":[{"count":1,"href":"https:\/\/www.chamannajenatsch.ch\/en\/wp-json\/wp\/v2\/posts\/5035\/revisions"}],"predecessor-version":[{"id":5036,"href":"https:\/\/www.chamannajenatsch.ch\/en\/wp-json\/wp\/v2\/posts\/5035\/revisions\/5036"}],"wp:attachment":[{"href":"https:\/\/www.chamannajenatsch.ch\/en\/wp-json\/wp\/v2\/media?parent=5035"}],"wp:term":[{"taxonomy":"category","embeddable":true,"href":"https:\/\/www.chamannajenatsch.ch\/en\/wp-json\/wp\/v2\/categories?post=5035"},{"taxonomy":"post_tag","embeddable":true,"href":"https:\/\/www.chamannajenatsch.ch\/en\/wp-json\/wp\/v2\/tags?post=5035"}],"curies":[{"name":"wp","href":"https:\/\/api.w.org\/{rel}","templated":true}]}}