{"id":5081,"date":"2022-08-06T20:38:29","date_gmt":"2022-08-06T18:38:29","guid":{"rendered":"http:\/\/www.chamannajenatsch.ch\/?p=5081"},"modified":"2022-08-06T20:38:31","modified_gmt":"2022-08-06T18:38:31","slug":"runterfahren","status":"publish","type":"post","link":"https:\/\/www.chamannajenatsch.ch\/en\/2022\/08\/06\/runterfahren\/","title":{"rendered":"Runterfahren"},"content":{"rendered":"<p>Nach der Action der letzten Tage, war heute morgen das Wetter ein bisschen trist und wir haben uns iergendwie angepasst sozusagen. F\u00fcr uns war gef\u00fchlsm\u00e4ssig also heute \u00fcberhaupt kein typischer Samstag sondern mehr ein m\u00fcder Sonntag. Wenn man schon ein bisschen m\u00fcde ist und dann mal etwas weniger l\u00e4uft, merkt man die M\u00fcdigkeit dann umso mehr und wie der K\u00f6rper runterf\u00e4hrt. Jachen war wieder mal zu Besuch und so sind wir ein bisschen mit ihm geh\u00f6ckelt und Maxi ist ja auch noch hier und so war der H\u00fcttenputz ein bisschen lahmer und unkoordinierter wie sonst manchmal. Mit 30 G\u00e4sten sind wir auch recht entspannt wenn wir eh zu 3 oder 4 sind und dann kann man alles ein bisschen gem\u00fctlicher angehen. Nici war \u00fcber Mittag mit Maxi unterwegs zur Fuorcla da Flix und am fr\u00fcher Nachmittag ist auch Remo wieder eingetroffen. <\/p>\n\n\n\n<p>Das Wetter war den ganzen Tag nicht brilliant aber geregnet hat es nicht ein einziges Mal. Das Wetter bei uns ist eben wieder mal besser wie erwartet oder bef\u00fcrchtet \ud83d\ude09<\/p>\n\n\n\n<p>Ich habe ab Morgen zwei Tage frei \ud83d\ude42 Also nicht wundern wenn vielleicht zwei Tage kein Tagebuch kommt \ud83d\ude09 Nachdem wir jetzt schon wieder \u00fcber 6 Wochen oben sind, ist es Zeit f\u00fcr eine kurze Pause im Tal. <\/p>","protected":false},"excerpt":{"rendered":"<p>Nach der Action der letzten Tage, war heute morgen das Wetter ein bisschen trist und wir haben uns iergendwie angepasst sozusagen. F\u00fcr uns war gef\u00fchlsm\u00e4ssig also heute \u00fcberhaupt kein typischer Samstag sondern mehr ein m\u00fcder Sonntag. Wenn man schon ein<\/p>","protected":false},"author":1,"featured_media":0,"comment_status":"closed","ping_status":"closed","sticky":false,"template":"","format":"standard","meta":{"inline_featured_image":false,"footnotes":""},"categories":[1],"tags":[],"class_list":["post-5081","post","type-post","status-publish","format-standard","hentry","category-allgemein"],"_links":{"self":[{"href":"https:\/\/www.chamannajenatsch.ch\/en\/wp-json\/wp\/v2\/posts\/5081","targetHints":{"allow":["GET"]}}],"collection":[{"href":"https:\/\/www.chamannajenatsch.ch\/en\/wp-json\/wp\/v2\/posts"}],"about":[{"href":"https:\/\/www.chamannajenatsch.ch\/en\/wp-json\/wp\/v2\/types\/post"}],"author":[{"embeddable":true,"href":"https:\/\/www.chamannajenatsch.ch\/en\/wp-json\/wp\/v2\/users\/1"}],"replies":[{"embeddable":true,"href":"https:\/\/www.chamannajenatsch.ch\/en\/wp-json\/wp\/v2\/comments?post=5081"}],"version-history":[{"count":1,"href":"https:\/\/www.chamannajenatsch.ch\/en\/wp-json\/wp\/v2\/posts\/5081\/revisions"}],"predecessor-version":[{"id":5082,"href":"https:\/\/www.chamannajenatsch.ch\/en\/wp-json\/wp\/v2\/posts\/5081\/revisions\/5082"}],"wp:attachment":[{"href":"https:\/\/www.chamannajenatsch.ch\/en\/wp-json\/wp\/v2\/media?parent=5081"}],"wp:term":[{"taxonomy":"category","embeddable":true,"href":"https:\/\/www.chamannajenatsch.ch\/en\/wp-json\/wp\/v2\/categories?post=5081"},{"taxonomy":"post_tag","embeddable":true,"href":"https:\/\/www.chamannajenatsch.ch\/en\/wp-json\/wp\/v2\/tags?post=5081"}],"curies":[{"name":"wp","href":"https:\/\/api.w.org\/{rel}","templated":true}]}}