{"id":5084,"date":"2022-08-10T12:34:33","date_gmt":"2022-08-10T10:34:33","guid":{"rendered":"http:\/\/www.chamannajenatsch.ch\/?p=5084"},"modified":"2022-08-10T12:34:39","modified_gmt":"2022-08-10T10:34:39","slug":"mittwoch-ist-der-neue-samstag","status":"publish","type":"post","link":"https:\/\/www.chamannajenatsch.ch\/en\/2022\/08\/10\/mittwoch-ist-der-neue-samstag\/","title":{"rendered":"Mittwoch ist der neue Samstag"},"content":{"rendered":"<p>Letzten Mittwoch war es ja schon so voll und f\u00fcr heute waren es zwischenzeitlich auch 50 angemeldete G\u00e4ste. Eine gr\u00f6ssere Gruppe hat nun wieder storniert, aber zu dritt sind wir dann immer noch besch\u00e4ftigt \ud83d\ude09<br>Dani ist gestern runter und ich wieder hoch. Nici ist gl\u00fccklicherweise flexibel wie immer und unterst\u00fctzt Remo und mich heute noch, obwohl sie eigentlich frei gehabt h\u00e4tte \ud83d\ude42<\/p>\n\n\n\n<p>Momentan sind die Anmeldungen sehr spontan und es melden sich zack von einem Tag auf den anderen 20 Nasen mehr an. Das macht die Planung nicht ganz einfach, aber bei dem sch\u00f6nen Wetter ist es nat\u00fcrlich verst\u00e4ndlich dass die Leute wandern wollen \ud83d\ude09<\/p>\n\n\n\n<p>Die ersten Tagesg\u00e4ste sind bereits eingetroffen und die ersten R\u00f6sti gemacht. Nun gehts weiter mit Kartofflis r\u00fcsten f\u00fcr den Znacht \ud83d\ude42 <\/p>","protected":false},"excerpt":{"rendered":"<p>Letzten Mittwoch war es ja schon so voll und f\u00fcr heute waren es zwischenzeitlich auch 50 angemeldete G\u00e4ste. Eine gr\u00f6ssere Gruppe hat nun wieder storniert, aber zu dritt sind wir dann immer noch besch\u00e4ftigt \ud83d\ude09Dani ist gestern runter und ich<\/p>","protected":false},"author":1,"featured_media":0,"comment_status":"closed","ping_status":"closed","sticky":false,"template":"","format":"standard","meta":{"inline_featured_image":false,"footnotes":""},"categories":[1],"tags":[],"class_list":["post-5084","post","type-post","status-publish","format-standard","hentry","category-allgemein"],"_links":{"self":[{"href":"https:\/\/www.chamannajenatsch.ch\/en\/wp-json\/wp\/v2\/posts\/5084","targetHints":{"allow":["GET"]}}],"collection":[{"href":"https:\/\/www.chamannajenatsch.ch\/en\/wp-json\/wp\/v2\/posts"}],"about":[{"href":"https:\/\/www.chamannajenatsch.ch\/en\/wp-json\/wp\/v2\/types\/post"}],"author":[{"embeddable":true,"href":"https:\/\/www.chamannajenatsch.ch\/en\/wp-json\/wp\/v2\/users\/1"}],"replies":[{"embeddable":true,"href":"https:\/\/www.chamannajenatsch.ch\/en\/wp-json\/wp\/v2\/comments?post=5084"}],"version-history":[{"count":1,"href":"https:\/\/www.chamannajenatsch.ch\/en\/wp-json\/wp\/v2\/posts\/5084\/revisions"}],"predecessor-version":[{"id":5085,"href":"https:\/\/www.chamannajenatsch.ch\/en\/wp-json\/wp\/v2\/posts\/5084\/revisions\/5085"}],"wp:attachment":[{"href":"https:\/\/www.chamannajenatsch.ch\/en\/wp-json\/wp\/v2\/media?parent=5084"}],"wp:term":[{"taxonomy":"category","embeddable":true,"href":"https:\/\/www.chamannajenatsch.ch\/en\/wp-json\/wp\/v2\/categories?post=5084"},{"taxonomy":"post_tag","embeddable":true,"href":"https:\/\/www.chamannajenatsch.ch\/en\/wp-json\/wp\/v2\/tags?post=5084"}],"curies":[{"name":"wp","href":"https:\/\/api.w.org\/{rel}","templated":true}]}}