{"id":5199,"date":"2022-09-11T15:32:59","date_gmt":"2022-09-11T13:32:59","guid":{"rendered":"http:\/\/www.chamannajenatsch.ch\/?p=5199"},"modified":"2022-09-11T15:33:01","modified_gmt":"2022-09-11T13:33:01","slug":"armer-pappa-giachen","status":"publish","type":"post","link":"https:\/\/www.chamannajenatsch.ch\/en\/2022\/09\/11\/armer-pappa-giachen\/","title":{"rendered":"Armer Pappa Giachen"},"content":{"rendered":"<p>Buhuuhu unsere Steinb\u00f6cke haben die Schafblindheit, die arme Cheibe \ud83d\ude41 Jachen hatte uns bereits vor einigen Tagen berichtet, dass die Krankheit unten im Val Bever ausgebrochen ist. Nun hat es sich ziemlich schnell ausgebreitet und auch bei uns rundherum sind viele B\u00f6cke betroffen. Wir haben zwar den Eindruck, dass die B\u00f6cke auch blind noch besser laufen und klettern wie wir Zweibeiner, aber wenn die Krankheit zu schlimm verl\u00e4uft, verlieren die Tiere dauerhaft die Augen und dann wird es im Winter schwierig. Wir dr\u00fccken also die Daumen, dass die meisten Tiere genug stark sind oder Gl\u00fcck haben und die Krankheit \u00fcberstehen. <\/p>\n\n\n\n<p>Heute Morgen hat es noch ein bisschen geschneielet und war ziemlich kalt. Jetzt ist aber die Sonne wieder rausgekommen und wir haben heute Abend &#8222;nur&#8220; knapp 30 G\u00e4ste, so k\u00f6nnen wir uns alle noch ein bisschen Pause g\u00f6nnen \ud83d\ude42<\/p>","protected":false},"excerpt":{"rendered":"<p>Buhuuhu unsere Steinb\u00f6cke haben die Schafblindheit, die arme Cheibe \ud83d\ude41 Jachen hatte uns bereits vor einigen Tagen berichtet, dass die Krankheit unten im Val Bever ausgebrochen ist. Nun hat es sich ziemlich schnell ausgebreitet und auch bei uns rundherum sind<\/p>","protected":false},"author":1,"featured_media":0,"comment_status":"closed","ping_status":"closed","sticky":false,"template":"","format":"standard","meta":{"inline_featured_image":false,"footnotes":""},"categories":[1],"tags":[],"class_list":["post-5199","post","type-post","status-publish","format-standard","hentry","category-allgemein"],"_links":{"self":[{"href":"https:\/\/www.chamannajenatsch.ch\/en\/wp-json\/wp\/v2\/posts\/5199","targetHints":{"allow":["GET"]}}],"collection":[{"href":"https:\/\/www.chamannajenatsch.ch\/en\/wp-json\/wp\/v2\/posts"}],"about":[{"href":"https:\/\/www.chamannajenatsch.ch\/en\/wp-json\/wp\/v2\/types\/post"}],"author":[{"embeddable":true,"href":"https:\/\/www.chamannajenatsch.ch\/en\/wp-json\/wp\/v2\/users\/1"}],"replies":[{"embeddable":true,"href":"https:\/\/www.chamannajenatsch.ch\/en\/wp-json\/wp\/v2\/comments?post=5199"}],"version-history":[{"count":1,"href":"https:\/\/www.chamannajenatsch.ch\/en\/wp-json\/wp\/v2\/posts\/5199\/revisions"}],"predecessor-version":[{"id":5200,"href":"https:\/\/www.chamannajenatsch.ch\/en\/wp-json\/wp\/v2\/posts\/5199\/revisions\/5200"}],"wp:attachment":[{"href":"https:\/\/www.chamannajenatsch.ch\/en\/wp-json\/wp\/v2\/media?parent=5199"}],"wp:term":[{"taxonomy":"category","embeddable":true,"href":"https:\/\/www.chamannajenatsch.ch\/en\/wp-json\/wp\/v2\/categories?post=5199"},{"taxonomy":"post_tag","embeddable":true,"href":"https:\/\/www.chamannajenatsch.ch\/en\/wp-json\/wp\/v2\/tags?post=5199"}],"curies":[{"name":"wp","href":"https:\/\/api.w.org\/{rel}","templated":true}]}}