{"id":5241,"date":"2022-09-16T17:44:59","date_gmt":"2022-09-16T15:44:59","guid":{"rendered":"http:\/\/www.chamannajenatsch.ch\/?p=5241"},"modified":"2022-09-16T17:45:02","modified_gmt":"2022-09-16T15:45:02","slug":"der-wettermann","status":"publish","type":"post","link":"https:\/\/www.chamannajenatsch.ch\/en\/2022\/09\/16\/der-wettermann\/","title":{"rendered":"Der Wettermann"},"content":{"rendered":"<p>Wir haben letztens in der Stube ein B\u00fcechli gefunden, das schon l\u00e4nger dort steht aber noch nie grosse Beachtung geschenkt bekommen hat. Nun hat Nici es in die K\u00fcche gebracht. &#8222;Blume ist Kind von Wiese&#8220; heisst das Buch und es ist eine Sammlung von Begriffserkl\u00e4rungen von Fl\u00fcchtlingskindern in \u00d6sterreich in den 80er Jahren. Es ist mega cool wie die Kinder in ihrem schlechten Deutsch probieren die Welt zu erkl\u00e4ren. Manche Sachen sind ziemlich krass, andere einfach nur lustig. Es gibt z.B. eine Erkl\u00e4rung zum Wettermann. Kurz gefasst heisst es, Wettermann kommt im Fernseh, Wettermann sagt wo Wind und Sonne und Schnee und Wettermann kann auch l\u00fcgen! Nun wollen wir keinen Streit mit Meteoschweiz \ud83d\ude09 aber heute stimmte die Wetterprognose f\u00fcr die Chamanna Jenatsch definitiv nicht. Wir hatten den ganzen Morgen Sonne. Wir haben draussen Kaffee getrunken, ich war zur Steinbockschulter und Zmittag haben wir auch noch draussen gemampft. Alles plusminus bei Sonnenschein. <\/p>\n\n\n\n<p>Zum Zmittag hat es heute Paangescher g\u00e4h, wenigstens 1x in der Sommersaison muss es das ja auch f\u00fcrs Team geben \ud83d\ude42 <\/p>\n\n\n\n<p>Jetzt ist auch Nici wieder da, obwohl wir zu viert im Team deutlich \u00fcberbesetzt sind f\u00fcr 10 G\u00e4ste heute und 9 morgen. Aber wir wollen nochmals zu viert die letzten 2 Tage geniessen \ud83d\ude42 <\/p>\n\n\n\n<p>Ja, mal schauen was der Wintereinbruch uns morgen bringt. Wir haben nicht das Gef\u00fchl, dass es jetzt einen Meter Neuschnee gibt \ud83d\ude09<\/p>","protected":false},"excerpt":{"rendered":"<p>Wir haben letztens in der Stube ein B\u00fcechli gefunden, das schon l\u00e4nger dort steht aber noch nie grosse Beachtung geschenkt bekommen hat. Nun hat Nici es in die K\u00fcche gebracht. &#8222;Blume ist Kind von Wiese&#8220; heisst das Buch und es<\/p>","protected":false},"author":1,"featured_media":0,"comment_status":"closed","ping_status":"closed","sticky":false,"template":"","format":"standard","meta":{"inline_featured_image":false,"footnotes":""},"categories":[1],"tags":[],"class_list":["post-5241","post","type-post","status-publish","format-standard","hentry","category-allgemein"],"_links":{"self":[{"href":"https:\/\/www.chamannajenatsch.ch\/en\/wp-json\/wp\/v2\/posts\/5241","targetHints":{"allow":["GET"]}}],"collection":[{"href":"https:\/\/www.chamannajenatsch.ch\/en\/wp-json\/wp\/v2\/posts"}],"about":[{"href":"https:\/\/www.chamannajenatsch.ch\/en\/wp-json\/wp\/v2\/types\/post"}],"author":[{"embeddable":true,"href":"https:\/\/www.chamannajenatsch.ch\/en\/wp-json\/wp\/v2\/users\/1"}],"replies":[{"embeddable":true,"href":"https:\/\/www.chamannajenatsch.ch\/en\/wp-json\/wp\/v2\/comments?post=5241"}],"version-history":[{"count":1,"href":"https:\/\/www.chamannajenatsch.ch\/en\/wp-json\/wp\/v2\/posts\/5241\/revisions"}],"predecessor-version":[{"id":5242,"href":"https:\/\/www.chamannajenatsch.ch\/en\/wp-json\/wp\/v2\/posts\/5241\/revisions\/5242"}],"wp:attachment":[{"href":"https:\/\/www.chamannajenatsch.ch\/en\/wp-json\/wp\/v2\/media?parent=5241"}],"wp:term":[{"taxonomy":"category","embeddable":true,"href":"https:\/\/www.chamannajenatsch.ch\/en\/wp-json\/wp\/v2\/categories?post=5241"},{"taxonomy":"post_tag","embeddable":true,"href":"https:\/\/www.chamannajenatsch.ch\/en\/wp-json\/wp\/v2\/tags?post=5241"}],"curies":[{"name":"wp","href":"https:\/\/api.w.org\/{rel}","templated":true}]}}