{"id":5261,"date":"2022-09-18T18:05:59","date_gmt":"2022-09-18T16:05:59","guid":{"rendered":"http:\/\/www.chamannajenatsch.ch\/?p=5261"},"modified":"2022-09-18T18:07:31","modified_gmt":"2022-09-18T16:07:31","slug":"5261","status":"publish","type":"post","link":"https:\/\/www.chamannajenatsch.ch\/en\/2022\/09\/18\/5261\/","title":{"rendered":"Schnee, Besuch, Br\u00e4ndi Dog, Abschied"},"content":{"rendered":"<p>Der Schnee der letzten zwei Tage ist schon fast wieder weg. Also das bitzli das bei uns gekommen ist. Von dem grossen Wintereinbruch haben wir bei uns nicht viel abgekriegt. Kalt ist es geworden und die G\u00e4ste haben abgesagt, aber das war auch schon alles \ud83d\ude09 Keinen Haufen Neuschnee. <\/p>\n\n\n\n<p>Gestern haben sich spontan Andrea und Simon angemeldet und sind Mitte Nachmittag hochgekommen. Wir haben Gl\u00fchwein gemacht f\u00fcr die paar wenigen Nasen, die sich aus der warmen Stube getraut hatten bei dem Wetter. Wobei die meisten gefunden haben, dass es beim Laufen gar nicht so kalt gewesen sei, obwohl es gestern schon ungem\u00fctlich aussah draussen, mit dem frostigen Wind und ohne Sonne. Wir haben gestern Abend also endlich mal eine RUnde Br\u00e4ndi Dog zu sechst spielen k\u00f6nnen. So cool! M\u00e4nner gegen Frauen \ud83d\ude09 Es war eine richtig lustige Runde. Die M\u00e4nner haben harscharf gewonnen am Ende, aber es blieb spannend bis zum Schluss und wir haben viel gelacht \ud83d\ude42<\/p>\n\n\n\n<p>Heute hingen am Morgen die Wolken noch in den Bergen, aber es zog dann ziemlich rasch auf und der blaue Himmel machte sich breit. Es blieb aber den ganzen Tag eher frostig, obwohl wir zeitweise schon im Windschatten sassen auf der Terrasse. <\/p>\n\n\n\n<p>Remo hatte gestern seinen letzten Arbeitstag und hat uns heute Morgen verlassen. Dani ist auch f\u00fcr ein paar Tage ins Tal und so sind die beiden zusammen mit Andrea und Simon Richtung Alp Val davongezottelt. Nici und ich sind heute also alleine an unserem ersten &#8222;Nuller&#8220; der Saison. Wir hatten aber Jachen noch auf Besuch einige Stunden und zwei Tagesg\u00e4ste die einen Kaffee getrunken haben. Und Hansi, Pappa Giachen und Barti sind ja auch noch um die H\u00fctte \ud83d\ude09<\/p>\n\n\n\n<p>Ja, wir machens also gem\u00fctlich heute Abend, w\u00fcnschen Jachen und allen anderen J\u00e4ger morgen einen erfolgreichen Jagdtag (nach der Jagdpause) und Remo eine gute Erholung im Tal und viele sch\u00f6ne Erlebnisse auf seiner Reise. DANKE nochmals f\u00fcr die super Sommersaison \ud83d\ude42 Und wir w\u00fcrden uns sehr freuen, wenn die Wintersaison dich wieder zu uns zieht \ud83d\ude09<\/p>","protected":false},"excerpt":{"rendered":"<p>Der Schnee der letzten zwei Tage ist schon fast wieder weg. Also das bitzli das bei uns gekommen ist. Von dem grossen Wintereinbruch haben wir bei uns nicht viel abgekriegt. Kalt ist es geworden und die G\u00e4ste haben abgesagt, aber<\/p>","protected":false},"author":1,"featured_media":0,"comment_status":"closed","ping_status":"closed","sticky":false,"template":"","format":"standard","meta":{"inline_featured_image":false,"footnotes":""},"categories":[1],"tags":[],"class_list":["post-5261","post","type-post","status-publish","format-standard","hentry","category-allgemein"],"_links":{"self":[{"href":"https:\/\/www.chamannajenatsch.ch\/en\/wp-json\/wp\/v2\/posts\/5261","targetHints":{"allow":["GET"]}}],"collection":[{"href":"https:\/\/www.chamannajenatsch.ch\/en\/wp-json\/wp\/v2\/posts"}],"about":[{"href":"https:\/\/www.chamannajenatsch.ch\/en\/wp-json\/wp\/v2\/types\/post"}],"author":[{"embeddable":true,"href":"https:\/\/www.chamannajenatsch.ch\/en\/wp-json\/wp\/v2\/users\/1"}],"replies":[{"embeddable":true,"href":"https:\/\/www.chamannajenatsch.ch\/en\/wp-json\/wp\/v2\/comments?post=5261"}],"version-history":[{"count":2,"href":"https:\/\/www.chamannajenatsch.ch\/en\/wp-json\/wp\/v2\/posts\/5261\/revisions"}],"predecessor-version":[{"id":5264,"href":"https:\/\/www.chamannajenatsch.ch\/en\/wp-json\/wp\/v2\/posts\/5261\/revisions\/5264"}],"wp:attachment":[{"href":"https:\/\/www.chamannajenatsch.ch\/en\/wp-json\/wp\/v2\/media?parent=5261"}],"wp:term":[{"taxonomy":"category","embeddable":true,"href":"https:\/\/www.chamannajenatsch.ch\/en\/wp-json\/wp\/v2\/categories?post=5261"},{"taxonomy":"post_tag","embeddable":true,"href":"https:\/\/www.chamannajenatsch.ch\/en\/wp-json\/wp\/v2\/tags?post=5261"}],"curies":[{"name":"wp","href":"https:\/\/api.w.org\/{rel}","templated":true}]}}