{"id":5279,"date":"2022-09-20T17:15:42","date_gmt":"2022-09-20T15:15:42","guid":{"rendered":"http:\/\/www.chamannajenatsch.ch\/?p=5279"},"modified":"2022-09-20T17:15:45","modified_gmt":"2022-09-20T15:15:45","slug":"sonne-pur-3","status":"publish","type":"post","link":"https:\/\/www.chamannajenatsch.ch\/en\/2022\/09\/20\/sonne-pur-3\/","title":{"rendered":"Sonne pur"},"content":{"rendered":"<p>Heute war die Sonne von fr\u00fch bis sp\u00e4t bei uns \ud83d\ude42 Wir hatten nur so ein paar komische Ufo Wolken und ein paar sehr lustige fliessende Schleierwolken am Himmel, aber sonst nur blau. Es war allerdings recht frostig, da auch Mitte Morgen immer noch -5 war im Schatten und es ging auch noch ein z\u00fcgiger Wind. Beim W\u00e4scheaufh\u00e4ngen waren die Finger ziemlich schnell tiefgek\u00fchlt, da es aber so trocken ist, war alles ratzfatz trocken und wir konnten noch vor dem Mittagessen alles wieder abnehmen. Ein Lager ist jetzt also frisch gewaschen und neu bezogen \ud83d\ude42<\/p>\n\n\n\n<p>Dick eingepackt, haben wir dann auch noch eine Weile ges\u00f6nnelet draussen. Da wir leider nicht so viele G\u00e4ste haben, m\u00fcssen wir uns ein wenig um unser Gem\u00fcse im Keller k\u00fcmmern. Es h\u00e4lt sich ja schon lange hier oben, aber iergendwann ist fertig. Es gibt also heute Brokolisuppe mit viel Brokoli und Pasta mit Pesto und einer neuen K\u00fcrbissauce die wir ausprobiert haben und zumindest selber sehr lecker finden \ud83d\ude42<\/p>\n\n\n\n<p>Morgen ist dann der Plan, dass Dani und ich wechseln, er wird gegen Mittag wieder hochkommen und ich dann den Rest der Woche ins frei gehen. Auch wenn es hier oben jetzt deutlich ruhiger und gem\u00fctlicher geworden ist, so ist eine Zeit im Tal doch etwas sch\u00f6nes nach der langen Saison hier oben. So lang duschen wie man will, einfach aufs Sofa liegen, ein gutes Buch lesen und Familie besuchen \ud83d\ude09<\/p>","protected":false},"excerpt":{"rendered":"<p>Heute war die Sonne von fr\u00fch bis sp\u00e4t bei uns \ud83d\ude42 Wir hatten nur so ein paar komische Ufo Wolken und ein paar sehr lustige fliessende Schleierwolken am Himmel, aber sonst nur blau. Es war allerdings recht frostig, da auch<\/p>","protected":false},"author":1,"featured_media":0,"comment_status":"closed","ping_status":"closed","sticky":false,"template":"","format":"standard","meta":{"inline_featured_image":false,"footnotes":""},"categories":[1],"tags":[],"class_list":["post-5279","post","type-post","status-publish","format-standard","hentry","category-allgemein"],"_links":{"self":[{"href":"https:\/\/www.chamannajenatsch.ch\/en\/wp-json\/wp\/v2\/posts\/5279","targetHints":{"allow":["GET"]}}],"collection":[{"href":"https:\/\/www.chamannajenatsch.ch\/en\/wp-json\/wp\/v2\/posts"}],"about":[{"href":"https:\/\/www.chamannajenatsch.ch\/en\/wp-json\/wp\/v2\/types\/post"}],"author":[{"embeddable":true,"href":"https:\/\/www.chamannajenatsch.ch\/en\/wp-json\/wp\/v2\/users\/1"}],"replies":[{"embeddable":true,"href":"https:\/\/www.chamannajenatsch.ch\/en\/wp-json\/wp\/v2\/comments?post=5279"}],"version-history":[{"count":1,"href":"https:\/\/www.chamannajenatsch.ch\/en\/wp-json\/wp\/v2\/posts\/5279\/revisions"}],"predecessor-version":[{"id":5280,"href":"https:\/\/www.chamannajenatsch.ch\/en\/wp-json\/wp\/v2\/posts\/5279\/revisions\/5280"}],"wp:attachment":[{"href":"https:\/\/www.chamannajenatsch.ch\/en\/wp-json\/wp\/v2\/media?parent=5279"}],"wp:term":[{"taxonomy":"category","embeddable":true,"href":"https:\/\/www.chamannajenatsch.ch\/en\/wp-json\/wp\/v2\/categories?post=5279"},{"taxonomy":"post_tag","embeddable":true,"href":"https:\/\/www.chamannajenatsch.ch\/en\/wp-json\/wp\/v2\/tags?post=5279"}],"curies":[{"name":"wp","href":"https:\/\/api.w.org\/{rel}","templated":true}]}}