{"id":5281,"date":"2022-09-25T07:39:22","date_gmt":"2022-09-25T05:39:22","guid":{"rendered":"http:\/\/www.chamannajenatsch.ch\/?p=5281"},"modified":"2022-09-25T07:39:25","modified_gmt":"2022-09-25T05:39:25","slug":"5281","status":"publish","type":"post","link":"https:\/\/www.chamannajenatsch.ch\/en\/2022\/09\/25\/5281\/","title":{"rendered":""},"content":{"rendered":"<p>Ohjee, jetzt musstet ihr euch gerade ein paar Tage ohne Tagebuch begn\u00fcgen. W\u00e4hrend ich bei strahlendem Wetter im Tal war, ist jetzt aufs Wochenende hin auch bei uns wieder fertig blauer Himmel. Gestern war es bew\u00f6lkt und ein bisschen genieselt hats resp. gefl\u00f6ckelt. Heute Morgen ist es nun weiss gezuckert, aber es sind wieder nur wenige Zentimeter. Kurz schien vorher die Sonne durch die Wolke, wow so eine sch\u00f6ne Stimmung war das \ud83d\ude42 <\/p>\n\n\n\n<p>Letzte Woche kam eines Tages noch Jeanine zu Besuch. So doof, dass die gerade einer der Tage getroffen hat, an deenen ich im Tal war. Aber so hatte sie super Wetter zum Wandern und ihren alten Arbeitsort zu besuchen. N\u00e4chsten Sommer hat sie dann doppelte Motivation um ein Bs\u00fcechli zu machen, kommt doch mit Brigitte eine gute Freundin von Jeanine n\u00e4chsten Sommer zu uns ins Team \ud83d\ude42 <\/p>\n\n\n\n<p>Dann waren auch noch Simon und Andrea hier am Freitag. Da ich nicht hier war, waren sie aber wieder eine gerade Anzahl Personen und konnten zu viert Br\u00e4ndi Dog spielen. Jemand ist da glaube ich ein bisschen s\u00fcchtig geworden \ud83d\ude09 Vielleicht kommen sie also nochmals f\u00fcr die Revanche der M\u00e4nner, diesmal hatten n\u00e4mlich 2x die Frauen gewonnen. <\/p>\n\n\n\n<p>Gestern ist dann auch noch Lukas gekommen. Er macht nun zwei Wochen Praktikum bei uns f\u00fcr den H\u00fcttenwartkurs. Da es zu wenig Praktikumsh\u00fctten gab, haben wir uns gemeldet, dass wir auch bereit sind hier Leuten Einblick in den H\u00fcttenalltag zu geben, die in Zukunft auch eventuell eine H\u00fctte f\u00fchren wollen. Lukas ist jetzt der erstes und mal schauen wie es so l\u00e4uft. G\u00e4stem\u00e4ssig l\u00e4uft es n\u00e4mlich nicht so diese Woche. Es ist wieder seehr ruhig&#8230; Mal schauen wie wir ihn besch\u00e4ftigen k\u00f6nnen \ud83d\ude09<\/p>\n\n\n\n<p>So, jetzt w\u00fcnsche ich euch einen sch\u00f6nen erholsamen und gem\u00fctlichen Herbstsonntag \ud83d\ude42<\/p>","protected":false},"excerpt":{"rendered":"<p>Ohjee, jetzt musstet ihr euch gerade ein paar Tage ohne Tagebuch begn\u00fcgen. W\u00e4hrend ich bei strahlendem Wetter im Tal war, ist jetzt aufs Wochenende hin auch bei uns wieder fertig blauer Himmel. Gestern war es bew\u00f6lkt und ein bisschen genieselt<\/p>","protected":false},"author":1,"featured_media":0,"comment_status":"closed","ping_status":"closed","sticky":false,"template":"","format":"standard","meta":{"inline_featured_image":false,"footnotes":""},"categories":[1],"tags":[],"class_list":["post-5281","post","type-post","status-publish","format-standard","hentry","category-allgemein"],"_links":{"self":[{"href":"https:\/\/www.chamannajenatsch.ch\/en\/wp-json\/wp\/v2\/posts\/5281","targetHints":{"allow":["GET"]}}],"collection":[{"href":"https:\/\/www.chamannajenatsch.ch\/en\/wp-json\/wp\/v2\/posts"}],"about":[{"href":"https:\/\/www.chamannajenatsch.ch\/en\/wp-json\/wp\/v2\/types\/post"}],"author":[{"embeddable":true,"href":"https:\/\/www.chamannajenatsch.ch\/en\/wp-json\/wp\/v2\/users\/1"}],"replies":[{"embeddable":true,"href":"https:\/\/www.chamannajenatsch.ch\/en\/wp-json\/wp\/v2\/comments?post=5281"}],"version-history":[{"count":1,"href":"https:\/\/www.chamannajenatsch.ch\/en\/wp-json\/wp\/v2\/posts\/5281\/revisions"}],"predecessor-version":[{"id":5282,"href":"https:\/\/www.chamannajenatsch.ch\/en\/wp-json\/wp\/v2\/posts\/5281\/revisions\/5282"}],"wp:attachment":[{"href":"https:\/\/www.chamannajenatsch.ch\/en\/wp-json\/wp\/v2\/media?parent=5281"}],"wp:term":[{"taxonomy":"category","embeddable":true,"href":"https:\/\/www.chamannajenatsch.ch\/en\/wp-json\/wp\/v2\/categories?post=5281"},{"taxonomy":"post_tag","embeddable":true,"href":"https:\/\/www.chamannajenatsch.ch\/en\/wp-json\/wp\/v2\/tags?post=5281"}],"curies":[{"name":"wp","href":"https:\/\/api.w.org\/{rel}","templated":true}]}}