{"id":5444,"date":"2022-10-15T22:16:19","date_gmt":"2022-10-15T20:16:19","guid":{"rendered":"http:\/\/www.chamannajenatsch.ch\/?p=5444"},"modified":"2022-10-15T22:16:26","modified_gmt":"2022-10-15T20:16:26","slug":"saisonschluss","status":"publish","type":"post","link":"https:\/\/www.chamannajenatsch.ch\/en\/2022\/10\/15\/saisonschluss\/","title":{"rendered":"Saisonschluss"},"content":{"rendered":"<p>Sodeli, wir sind parat \ud83d\ude42 Heute haben wir die letzten 20 G\u00e4ste begr\u00fcsst und morgen geht es nach dem Fr\u00fchst\u00fcck ans Einwintern. Das meiste ist bereits erledigt, aber am Schluss gibt es immer noch genug zu erledigen. Auch heute sind wir ziemlich platt, waren wir doch deutlich mehr auf den Beinen als die letzten paar Tage und Wochen. <\/p>\n\n\n\n<p>Nun haben wir doch noch 2700 \u00dcbernachtungen erreicht diesen Sommer. Nicht so viele wie letztes Jahr, aber mehr al 2019 und 2020. Zusammen mit der Wintersaison waren es \u00fcber 5100 G\u00e4ste, die bei uns \u00fcbernachtet haben. Der Sommer war sehr gut, vom Wetter und von der Belegung der H\u00fctte her, der Herbst nun sehr ruhig, mit dem Wettergl\u00fcck leider nicht mehr auf unserer Seite, da meistens das Wochenende verregnet war. Es war die ganze Saison deutlich zu warm, was f\u00fcr uns im Sommer auch Flipflop und Top auf 2652 m bedeutete. Unsere Gletscher haben leider ziemlich gelitten, wir sind gespannt wie es Anfang Winter aussieht&#8230; Auch jetzt liegt noch nicht wahnsinnig viel Schnee, nur in den Nordseiten \u00fcber ca. 2800m sieht es bereits sehr winterlich aus. <\/p>\n\n\n\n<p>Ja, Nici wird nun n\u00e4chste Woche wieder ihr Studium aufnehmen und sich noch auf die letzte Pr\u00fcfung ihres Bachelors konzentrieren. Dani und ich werden zuhause noch 2-3 Kleinigkeiten erledigen wie Vertr\u00e4ge f\u00fcr den Winter verschicken und die Abrechnung f\u00fcr den SAC machen, und uns dann 3 Wochen Ferien g\u00f6nnen \ud83d\ude42 Wenn ihr im Weihnachtsstress seid, werden wir dann wieder hochkommen und \u00fcber Weihnachten einfeuern, damit die ersten Winterg\u00e4ste am 26. Dezember eine halbwegs warme Stube vorfinden werden. <\/p>\n\n\n\n<p>Bis dahin w\u00fcnschen wir euch einen sch\u00f6nen Herbst, bleibt gesund und bis bald \ud83d\ude42<\/p>","protected":false},"excerpt":{"rendered":"<p>Sodeli, wir sind parat \ud83d\ude42 Heute haben wir die letzten 20 G\u00e4ste begr\u00fcsst und morgen geht es nach dem Fr\u00fchst\u00fcck ans Einwintern. Das meiste ist bereits erledigt, aber am Schluss gibt es immer noch genug zu erledigen. Auch heute sind<\/p>","protected":false},"author":1,"featured_media":0,"comment_status":"closed","ping_status":"closed","sticky":false,"template":"","format":"standard","meta":{"inline_featured_image":false,"footnotes":""},"categories":[1],"tags":[],"class_list":["post-5444","post","type-post","status-publish","format-standard","hentry","category-allgemein"],"_links":{"self":[{"href":"https:\/\/www.chamannajenatsch.ch\/en\/wp-json\/wp\/v2\/posts\/5444","targetHints":{"allow":["GET"]}}],"collection":[{"href":"https:\/\/www.chamannajenatsch.ch\/en\/wp-json\/wp\/v2\/posts"}],"about":[{"href":"https:\/\/www.chamannajenatsch.ch\/en\/wp-json\/wp\/v2\/types\/post"}],"author":[{"embeddable":true,"href":"https:\/\/www.chamannajenatsch.ch\/en\/wp-json\/wp\/v2\/users\/1"}],"replies":[{"embeddable":true,"href":"https:\/\/www.chamannajenatsch.ch\/en\/wp-json\/wp\/v2\/comments?post=5444"}],"version-history":[{"count":1,"href":"https:\/\/www.chamannajenatsch.ch\/en\/wp-json\/wp\/v2\/posts\/5444\/revisions"}],"predecessor-version":[{"id":5445,"href":"https:\/\/www.chamannajenatsch.ch\/en\/wp-json\/wp\/v2\/posts\/5444\/revisions\/5445"}],"wp:attachment":[{"href":"https:\/\/www.chamannajenatsch.ch\/en\/wp-json\/wp\/v2\/media?parent=5444"}],"wp:term":[{"taxonomy":"category","embeddable":true,"href":"https:\/\/www.chamannajenatsch.ch\/en\/wp-json\/wp\/v2\/categories?post=5444"},{"taxonomy":"post_tag","embeddable":true,"href":"https:\/\/www.chamannajenatsch.ch\/en\/wp-json\/wp\/v2\/tags?post=5444"}],"curies":[{"name":"wp","href":"https:\/\/api.w.org\/{rel}","templated":true}]}}