{"id":5599,"date":"2022-12-26T15:18:43","date_gmt":"2022-12-26T14:18:43","guid":{"rendered":"http:\/\/www.chamannajenatsch.ch\/?p=5599"},"modified":"2022-12-26T15:18:45","modified_gmt":"2022-12-26T14:18:45","slug":"back-home","status":"publish","type":"post","link":"https:\/\/www.chamannajenatsch.ch\/en\/2022\/12\/26\/back-home\/","title":{"rendered":"Back home"},"content":{"rendered":"<p>Yuhuu, wir sind wir hier \ud83d\ude42 Wir hoffen, ihr geniesst alle enstpannte Weihnachtstage und lasst es euch gut gehen. <\/p>\n\n\n\n<p>Wir sind am 23. Dezember hochgeflogen, ja genau, \u00fcberall sonst Schneesturm oder Regenflut und im Engadin war das Wetter sogar gut genug, dass HeliBernina uns inkl. Frischwaren f\u00fcr die Festtage auf der H\u00fctte absetzten konnte. Leider hat es demenstprechend hier auch keinen Meter Neuschnee gegeben, aber es hat auch nicht geregnet. Wie immer hat alles seine guten und schlechten Seiten \ud83d\ude09<br>Nun waren wir gestern auf Auskunschaftung zur Fuorcla d&#8217;Agnel, was wir unterwegs alles angetroffen haben von Schneearten k\u00f6nnt ihr bei den Verh\u00e4ltnissen nachlesen \ud83d\ude09 <br>Ja, und obwohl die Schneelage so mager ist, und es ein bisschen weh tut dies zu sehen, ist es trotzdem wie immer wundersch\u00f6n hier oben \ud83d\ude42 Eigentlich war die H\u00fctte sehr stark ausgebucht diese Tage, aber mit dem Schneemangel haben bereits einige abgesagt. Es sind aber auch noch einge angemeldet und wir hoffen, dass ihr dem Schneemangel zum Trotz zu uns hochkommt und ein paar entspannte Tage und ein sch\u00f6nes Silvester mit uns geniesst. <br><br>Neben dem Schneemangel haben wir leider auch noch ein Problem mit der Wasserleitung. Was beides vielleicht aber auch zusammenh\u00e4ngt \ud83d\ude41 Die Winterfassung ist eingefroren und somit haben wir kein Strom auf der Turbine&#8230; Jetzt nur halb so wild, da wir noch Wasser von der Sommerquelle haben, aber im Februar haben wir so kein Wasser zum hochpumpen, Horroszenario sozusagen \ud83d\ude41 Dani war jetzt mehrmals draussen, teilweise mit dem ganzen Arm im Schneeloch im Wasser (2 Grad&#8230;) und hat auch noch probiert die Sommerleitung in Betrieb zu nehmen, leider auch ohne Erfolg&#8230; Zur Erkl\u00e4rung: Wir haben eine Sommerquelle oben am Hang, unabh\u00e4ngig von allem anderen, diese bringt aber Februar &#8211; April kein Wasser. Dann haben wir im Bach Ovas d&#8217;Err zwei Fassungen, eine Winter- und eine Sommerfassung mit je zwei separaten Leitungen zum Sandfang und zur Turbine runter und von dort aus pumpen wir das Wasser hoch zur H\u00fctte f\u00fcr die Skitourensaison. Es ist kompliziert ;-)). Auf jedenfall m\u00fcssen wir nun eine L\u00f6sung finden, dass wir im Februar Wasser haben. <br>Ja, wir sind jetzt mit Roli in Kontakt und \u00fcberlegen was wir f\u00fcr M\u00f6glichkeiten haben. <br><br>Sozusagen nebenbei habe ich in der K\u00fcche Brot und Nusstorte gebacken, Suppe und Dessert vorbereitet f\u00fcr unsere ersten zwei G\u00e4ste heute \ud83d\ude42 Morgen kommen dann C\u00e9lia mit Henry, Nici und Luis hoch und bringen auch noch einen Kollegen mit und eine Bekannte aus fr\u00fcheren Zeiten in Z\u00fcri hat sich auch noch angemeldet. Es sind zwar nicht viele G\u00e4ste, aber es wird dann morgen trotzdem was laufen \ud83d\ude42<\/p>","protected":false},"excerpt":{"rendered":"<p>Yuhuu, wir sind wir hier \ud83d\ude42 Wir hoffen, ihr geniesst alle enstpannte Weihnachtstage und lasst es euch gut gehen. Wir sind am 23. Dezember hochgeflogen, ja genau, \u00fcberall sonst Schneesturm oder Regenflut und im Engadin war das Wetter sogar gut<\/p>","protected":false},"author":1,"featured_media":0,"comment_status":"closed","ping_status":"closed","sticky":false,"template":"","format":"standard","meta":{"inline_featured_image":false,"footnotes":""},"categories":[1],"tags":[],"class_list":["post-5599","post","type-post","status-publish","format-standard","hentry","category-allgemein"],"_links":{"self":[{"href":"https:\/\/www.chamannajenatsch.ch\/en\/wp-json\/wp\/v2\/posts\/5599","targetHints":{"allow":["GET"]}}],"collection":[{"href":"https:\/\/www.chamannajenatsch.ch\/en\/wp-json\/wp\/v2\/posts"}],"about":[{"href":"https:\/\/www.chamannajenatsch.ch\/en\/wp-json\/wp\/v2\/types\/post"}],"author":[{"embeddable":true,"href":"https:\/\/www.chamannajenatsch.ch\/en\/wp-json\/wp\/v2\/users\/1"}],"replies":[{"embeddable":true,"href":"https:\/\/www.chamannajenatsch.ch\/en\/wp-json\/wp\/v2\/comments?post=5599"}],"version-history":[{"count":1,"href":"https:\/\/www.chamannajenatsch.ch\/en\/wp-json\/wp\/v2\/posts\/5599\/revisions"}],"predecessor-version":[{"id":5600,"href":"https:\/\/www.chamannajenatsch.ch\/en\/wp-json\/wp\/v2\/posts\/5599\/revisions\/5600"}],"wp:attachment":[{"href":"https:\/\/www.chamannajenatsch.ch\/en\/wp-json\/wp\/v2\/media?parent=5599"}],"wp:term":[{"taxonomy":"category","embeddable":true,"href":"https:\/\/www.chamannajenatsch.ch\/en\/wp-json\/wp\/v2\/categories?post=5599"},{"taxonomy":"post_tag","embeddable":true,"href":"https:\/\/www.chamannajenatsch.ch\/en\/wp-json\/wp\/v2\/tags?post=5599"}],"curies":[{"name":"wp","href":"https:\/\/api.w.org\/{rel}","templated":true}]}}