{"id":5781,"date":"2023-02-19T14:49:19","date_gmt":"2023-02-19T13:49:19","guid":{"rendered":"http:\/\/www.chamannajenatsch.ch\/?p=5781"},"modified":"2023-02-19T14:49:21","modified_gmt":"2023-02-19T13:49:21","slug":"start-2","status":"publish","type":"post","link":"https:\/\/www.chamannajenatsch.ch\/en\/2023\/02\/19\/start-2\/","title":{"rendered":"Start"},"content":{"rendered":"<p>So, den ersten Abend haben wir erfolgreich bestanden w\u00fcrde ich meinen \ud83d\ude42<br>Auf der G\u00e4steseite gab es zwar einige organisatorisch nicht ganz optimale Sachen, aber in der K\u00fcche waren wir umso mehr parat. Bei der einen Gruppe war eine Person mehr als erwartet, einige kamen zu sp\u00e4t und im dunkeln, zwei hatten wir nicht angemeldet, zwei andere kamen daf\u00fcr nicht und einen Regaeinsatz gab es auch noch, gl\u00fccklicherweise ohne Verletzte. Es war also etwas los! Aber Anfang Saison haben wir noch Nerven und Energie und nehmen diese Plan\u00e4nderungen locker \ud83d\ude09 Und am Abend waren alle gl\u00fccklich in der warmen Stube und die \u00c4lpler kamen gut an wie immer. <\/p>\n\n\n\n<p>In der K\u00fcche hatten wir einen sehr guten Start. Remo war gef\u00fchlt nie in der Ferien zwischen September und Februar und es lief wie am Schn\u00fcrli, sowohl am Nachmittag beim Vorbereiten wie auch bei der Essensausgabe und dem Abwasch. Sch\u00f6n, bisch wieder da, Remo \ud83d\ude42<br>Aurel hat sich f\u00fcr den ersten Tag hier oben auch super gemacht, ist es doch am Anfang auch noch schwierig wenn man nicht weiss wo was in der K\u00fcche steht und es hundert Sachen gibt die man sich merken muss. Ich bin also ganz zufrieden mit meinen M\u00e4nnern \ud83d\ude09<\/p>\n\n\n\n<p>Heute ist es ein bisschen ruhiger, und wir k\u00f6nnen noch einige pendente Sachen erledigen, Winterraum und Skikeller noch aufr\u00e4umen, die erste R\u00f6sti machen usw. <\/p>","protected":false},"excerpt":{"rendered":"<p>So, den ersten Abend haben wir erfolgreich bestanden w\u00fcrde ich meinen \ud83d\ude42Auf der G\u00e4steseite gab es zwar einige organisatorisch nicht ganz optimale Sachen, aber in der K\u00fcche waren wir umso mehr parat. Bei der einen Gruppe war eine Person mehr<\/p>","protected":false},"author":1,"featured_media":0,"comment_status":"closed","ping_status":"closed","sticky":false,"template":"","format":"standard","meta":{"inline_featured_image":false,"footnotes":""},"categories":[1],"tags":[],"class_list":["post-5781","post","type-post","status-publish","format-standard","hentry","category-allgemein"],"_links":{"self":[{"href":"https:\/\/www.chamannajenatsch.ch\/en\/wp-json\/wp\/v2\/posts\/5781","targetHints":{"allow":["GET"]}}],"collection":[{"href":"https:\/\/www.chamannajenatsch.ch\/en\/wp-json\/wp\/v2\/posts"}],"about":[{"href":"https:\/\/www.chamannajenatsch.ch\/en\/wp-json\/wp\/v2\/types\/post"}],"author":[{"embeddable":true,"href":"https:\/\/www.chamannajenatsch.ch\/en\/wp-json\/wp\/v2\/users\/1"}],"replies":[{"embeddable":true,"href":"https:\/\/www.chamannajenatsch.ch\/en\/wp-json\/wp\/v2\/comments?post=5781"}],"version-history":[{"count":1,"href":"https:\/\/www.chamannajenatsch.ch\/en\/wp-json\/wp\/v2\/posts\/5781\/revisions"}],"predecessor-version":[{"id":5782,"href":"https:\/\/www.chamannajenatsch.ch\/en\/wp-json\/wp\/v2\/posts\/5781\/revisions\/5782"}],"wp:attachment":[{"href":"https:\/\/www.chamannajenatsch.ch\/en\/wp-json\/wp\/v2\/media?parent=5781"}],"wp:term":[{"taxonomy":"category","embeddable":true,"href":"https:\/\/www.chamannajenatsch.ch\/en\/wp-json\/wp\/v2\/categories?post=5781"},{"taxonomy":"post_tag","embeddable":true,"href":"https:\/\/www.chamannajenatsch.ch\/en\/wp-json\/wp\/v2\/tags?post=5781"}],"curies":[{"name":"wp","href":"https:\/\/api.w.org\/{rel}","templated":true}]}}