{"id":5783,"date":"2023-02-20T16:57:07","date_gmt":"2023-02-20T15:57:07","guid":{"rendered":"http:\/\/www.chamannajenatsch.ch\/?p=5783"},"modified":"2023-02-20T16:57:10","modified_gmt":"2023-02-20T15:57:10","slug":"fensterexperten","status":"publish","type":"post","link":"https:\/\/www.chamannajenatsch.ch\/en\/2023\/02\/20\/fensterexperten\/","title":{"rendered":"Fensterexperten"},"content":{"rendered":"<p>So, meine drei M\u00e4nner sind jetzt Fensterbauer. Heute morgen nach dem L\u00fcften habe ich in der K\u00fcche das Fenster zugemacht und irgendwie war es nachher gekippt und ge\u00f6ffnet zugleich anstatt zu. Kommt ja ab und zu mal vor, dass was aush\u00e4ngt, und ich dachte ich bin einfach zu bl\u00f6d um es wieder einzuh\u00e4ngen. Nein, leider nicht \ud83d\ude09 Nach ca. 2 Stunden rumschrauben wurde der Misset\u00e4ter gefunden und zwar das kleine Zahnrad, das vom Hebel aus das Fenster bedienen sollte, ist total durch und nicht mehr eckig, sondern rund. Es ist wohl auch eins der meistbedienten Fenster in der H\u00fctte, \u00f6ffnen und zu, zu warm zu kalt in der K\u00fcche, oh Steinb\u00f6cke schauen, oh Foto vom Piz Ott \ud83d\ude09<\/p>\n\n\n\n<p>Fazit, das Fenster ist nach langem hin und her immerhin wieder zu! Und ein Ersatzst\u00fcck beim Schreiner bestellt \ud83d\ude09 <\/p>\n\n\n\n<p>So ging der Morgen und Mittag wieder mal schnell um \ud83d\ude09 Mittagessen konnten wir dann draussen in der Sonne und auch noch ein bisschen s\u00f6nnele bevor die ersten G\u00e4ste zur\u00fcckkamen. ca. 20 G\u00e4ste haben wir heute nochmals, wobei einige noch nicht angekommen sind&#8230; <\/p>\n\n\n\n<p>Die n\u00e4chsten Tage wird es dann sehr ruhig, voraussichtlich sind wir zwei Tage allein und das trotz perfektem Wetter morgen. Nuje, geniessen wir die Sonne \ud83d\ude09<\/p>","protected":false},"excerpt":{"rendered":"<p>So, meine drei M\u00e4nner sind jetzt Fensterbauer. Heute morgen nach dem L\u00fcften habe ich in der K\u00fcche das Fenster zugemacht und irgendwie war es nachher gekippt und ge\u00f6ffnet zugleich anstatt zu. Kommt ja ab und zu mal vor, dass was<\/p>","protected":false},"author":1,"featured_media":0,"comment_status":"closed","ping_status":"closed","sticky":false,"template":"","format":"standard","meta":{"inline_featured_image":false,"footnotes":""},"categories":[1],"tags":[],"class_list":["post-5783","post","type-post","status-publish","format-standard","hentry","category-allgemein"],"_links":{"self":[{"href":"https:\/\/www.chamannajenatsch.ch\/en\/wp-json\/wp\/v2\/posts\/5783","targetHints":{"allow":["GET"]}}],"collection":[{"href":"https:\/\/www.chamannajenatsch.ch\/en\/wp-json\/wp\/v2\/posts"}],"about":[{"href":"https:\/\/www.chamannajenatsch.ch\/en\/wp-json\/wp\/v2\/types\/post"}],"author":[{"embeddable":true,"href":"https:\/\/www.chamannajenatsch.ch\/en\/wp-json\/wp\/v2\/users\/1"}],"replies":[{"embeddable":true,"href":"https:\/\/www.chamannajenatsch.ch\/en\/wp-json\/wp\/v2\/comments?post=5783"}],"version-history":[{"count":1,"href":"https:\/\/www.chamannajenatsch.ch\/en\/wp-json\/wp\/v2\/posts\/5783\/revisions"}],"predecessor-version":[{"id":5784,"href":"https:\/\/www.chamannajenatsch.ch\/en\/wp-json\/wp\/v2\/posts\/5783\/revisions\/5784"}],"wp:attachment":[{"href":"https:\/\/www.chamannajenatsch.ch\/en\/wp-json\/wp\/v2\/media?parent=5783"}],"wp:term":[{"taxonomy":"category","embeddable":true,"href":"https:\/\/www.chamannajenatsch.ch\/en\/wp-json\/wp\/v2\/categories?post=5783"},{"taxonomy":"post_tag","embeddable":true,"href":"https:\/\/www.chamannajenatsch.ch\/en\/wp-json\/wp\/v2\/tags?post=5783"}],"curies":[{"name":"wp","href":"https:\/\/api.w.org\/{rel}","templated":true}]}}