{"id":5812,"date":"2023-02-22T15:24:22","date_gmt":"2023-02-22T14:24:22","guid":{"rendered":"http:\/\/www.chamannajenatsch.ch\/?p=5812"},"modified":"2023-02-22T15:25:26","modified_gmt":"2023-02-22T14:25:26","slug":"5812","status":"publish","type":"post","link":"https:\/\/www.chamannajenatsch.ch\/en\/2023\/02\/22\/5812\/","title":{"rendered":"Gem\u00fctlich"},"content":{"rendered":"<p>Gestern Abend gabs R\u00f6sti f\u00fcr Team und eine erste Runde Br\u00e4ndiDog f\u00fcr dieses Jahr. Jill und Remo gegen Dani und Aurel. Als eingespieltes Team vom Sommer haben Remo und ich gewonnen, wenn auch nur knapp \ud83d\ude09<br>Heute morgen haben wir ausgeschlafen und um 8 Uhr Teamfr\u00fchst\u00fcck gemacht. Anschliessend haben wir den H\u00fcttenwusel von gestern erledigt und Aurel und Remo haben die Wolldecken wieder mal gel\u00fcftet und ausgesch\u00fcttelt. Durch das sch\u00f6ne Wetter der letzten Tage haben wir auch sch\u00f6n heiss Wasser, so dass ein paar Runden Waschmaschinen auch drin lagen. <\/p>\n\n\n\n<p>Die Sonne hat sich heute phasenweise gezeigt, so dass wir immer wieder mal draussen waren und kaum kamen Wolken, sind wir dann wieder in die K\u00fcche. Heute Abend haben wir 4 G\u00e4ste, es gibt Quiche und Salat \ud83d\ude09 Sonst sind wir noch da und dort ein paar Sachen am erledigen, w\u00e4hrend wir auf die wenigen G\u00e4ste warten. <\/p>\n\n\n\n<p>Hier \u00fcbrigens noch das Teamgipfelfoto von gestern \ud83d\ude09<\/p>\n\n\n\n<figure class=\"wp-block-image size-large\"><img fetchpriority=\"high\" decoding=\"async\" width=\"1024\" height=\"682\" src=\"http:\/\/www.chamannajenatsch.ch\/wp-content\/uploads\/2023\/02\/WhatsApp-Image-2023-02-21-at-19.12.52-1024x682.jpeg\" alt=\"\" class=\"wp-image-5813\" srcset=\"https:\/\/www.chamannajenatsch.ch\/wp-content\/uploads\/2023\/02\/WhatsApp-Image-2023-02-21-at-19.12.52-1024x682.jpeg 1024w, https:\/\/www.chamannajenatsch.ch\/wp-content\/uploads\/2023\/02\/WhatsApp-Image-2023-02-21-at-19.12.52-300x200.jpeg 300w, https:\/\/www.chamannajenatsch.ch\/wp-content\/uploads\/2023\/02\/WhatsApp-Image-2023-02-21-at-19.12.52-768x512.jpeg 768w, https:\/\/www.chamannajenatsch.ch\/wp-content\/uploads\/2023\/02\/WhatsApp-Image-2023-02-21-at-19.12.52-1536x1023.jpeg 1536w, https:\/\/www.chamannajenatsch.ch\/wp-content\/uploads\/2023\/02\/WhatsApp-Image-2023-02-21-at-19.12.52-18x12.jpeg 18w, https:\/\/www.chamannajenatsch.ch\/wp-content\/uploads\/2023\/02\/WhatsApp-Image-2023-02-21-at-19.12.52.jpeg 1600w\" sizes=\"(max-width: 1024px) 100vw, 1024px\" \/><\/figure>\n\n\n\n<p><\/p>","protected":false},"excerpt":{"rendered":"<p>Gestern Abend gabs R\u00f6sti f\u00fcr Team und eine erste Runde Br\u00e4ndiDog f\u00fcr dieses Jahr. Jill und Remo gegen Dani und Aurel. Als eingespieltes Team vom Sommer haben Remo und ich gewonnen, wenn auch nur knapp \ud83d\ude09Heute morgen haben wir ausgeschlafen<\/p>","protected":false},"author":1,"featured_media":0,"comment_status":"closed","ping_status":"closed","sticky":false,"template":"","format":"standard","meta":{"inline_featured_image":false,"footnotes":""},"categories":[1],"tags":[],"class_list":["post-5812","post","type-post","status-publish","format-standard","hentry","category-allgemein"],"_links":{"self":[{"href":"https:\/\/www.chamannajenatsch.ch\/en\/wp-json\/wp\/v2\/posts\/5812","targetHints":{"allow":["GET"]}}],"collection":[{"href":"https:\/\/www.chamannajenatsch.ch\/en\/wp-json\/wp\/v2\/posts"}],"about":[{"href":"https:\/\/www.chamannajenatsch.ch\/en\/wp-json\/wp\/v2\/types\/post"}],"author":[{"embeddable":true,"href":"https:\/\/www.chamannajenatsch.ch\/en\/wp-json\/wp\/v2\/users\/1"}],"replies":[{"embeddable":true,"href":"https:\/\/www.chamannajenatsch.ch\/en\/wp-json\/wp\/v2\/comments?post=5812"}],"version-history":[{"count":2,"href":"https:\/\/www.chamannajenatsch.ch\/en\/wp-json\/wp\/v2\/posts\/5812\/revisions"}],"predecessor-version":[{"id":5815,"href":"https:\/\/www.chamannajenatsch.ch\/en\/wp-json\/wp\/v2\/posts\/5812\/revisions\/5815"}],"wp:attachment":[{"href":"https:\/\/www.chamannajenatsch.ch\/en\/wp-json\/wp\/v2\/media?parent=5812"}],"wp:term":[{"taxonomy":"category","embeddable":true,"href":"https:\/\/www.chamannajenatsch.ch\/en\/wp-json\/wp\/v2\/categories?post=5812"},{"taxonomy":"post_tag","embeddable":true,"href":"https:\/\/www.chamannajenatsch.ch\/en\/wp-json\/wp\/v2\/tags?post=5812"}],"curies":[{"name":"wp","href":"https:\/\/api.w.org\/{rel}","templated":true}]}}