{"id":6229,"date":"2023-04-22T17:30:17","date_gmt":"2023-04-22T15:30:17","guid":{"rendered":"http:\/\/www.chamannajenatsch.ch\/?p=6229"},"modified":"2023-04-22T17:30:21","modified_gmt":"2023-04-22T15:30:21","slug":"adieu","status":"publish","type":"post","link":"https:\/\/www.chamannajenatsch.ch\/en\/2023\/04\/22\/adieu\/","title":{"rendered":"Adieu"},"content":{"rendered":"<p>So, heute ist der letzte Abend der Wintersaison. Wir haben gestern definitiv entschieden heute Schluss zu machen. N\u00e4chste Woche blieben wirklich nicht mehr viele Reservationen und das Wetter sieht auch nicht sehr stabil aus in der Aussicht. Sonntag und Montag haben eh alle abgesagt und somit ist heute der letzte Tag mit G\u00e4sten. <\/p>\n\n\n\n<p>Wir schliessen also diese spezielle Wintersaison morgen ab. Schade, jetzt wo der Schnee hier ist, aber wenn keine G\u00e4ste mehr kommen, macht es halt keinen Sinn mehr. Im Vergleich zum letzten Jahr haben wir nat\u00fcrlich ein sehr deutliches Minus an \u00dcbernachtungen gemacht, aber immerhin haben wir es bis Ende April geschafft, das h\u00e4tten wir ja Mitte Februar nicht gedacht. Ein einziges Wochenende mit voller H\u00fctte, ist schon ein bisschen ein mageres Fazit einer Saison, aber es waren doch genug \u00dcbernachtungen, dass alle Rechnungen und L\u00f6hne bezahlt werden k\u00f6nnen und das ist ja eigentlich die Hauptsache. <\/p>\n\n\n\n<p>16 G\u00e4ste sind heute Abend noch \u00fcbrig. Plus ein ehemaliger Arbeitskollege von Aurel und Deborah, die auch noch zu Besuch gekommen sind heute. Also 6 in der K\u00fcche und 16 in der Stube \ud83d\ude09 <br>Da aber nicht so viel l\u00e4uft, hatten wir am Nachmittag Zeit zum S\u00f6nnele auf der Terrasse. Das Schlechtwetter war heute zumindest im Engadin wieder mal nicht zu Gast, die Sonne schien den ganzen Tag bis auf ca. 1 h mit hohen Wolkenfeldern. Jetzt machen wir noch Apero mit dem Besuch und den Bergf\u00fchrern und einen gem\u00fctlichen Abend. Remo, Aurel und der Besuch verlassen uns morgen fr\u00fch dann und Dani und ich machen noch fertig, zusammenpacken mit allem wo anf\u00e4llt am letzten Tag und am Montag gehts dann auch f\u00fcr uns runter ins Tal und in den Fr\u00fchling. <br>Herzlichen Dank allen lieben G\u00e4sten wo uns trotz wenig Schnee und schlechten Wetterprognosen besucht haben! Danke auch Nici, Remo und Aurel, die uns unterst\u00fctzt haben und mit denen wir wieder viel gelacht haben und lustige Stunden verbracht haben. Bis bald ihr lieben TagebuchleserInnen \ud83d\ude42<\/p>","protected":false},"excerpt":{"rendered":"<p>So, heute ist der letzte Abend der Wintersaison. Wir haben gestern definitiv entschieden heute Schluss zu machen. N\u00e4chste Woche blieben wirklich nicht mehr viele Reservationen und das Wetter sieht auch nicht sehr stabil aus in der Aussicht. Sonntag und Montag<\/p>","protected":false},"author":1,"featured_media":0,"comment_status":"closed","ping_status":"closed","sticky":false,"template":"","format":"standard","meta":{"inline_featured_image":false,"footnotes":""},"categories":[1],"tags":[],"class_list":["post-6229","post","type-post","status-publish","format-standard","hentry","category-allgemein"],"_links":{"self":[{"href":"https:\/\/www.chamannajenatsch.ch\/en\/wp-json\/wp\/v2\/posts\/6229","targetHints":{"allow":["GET"]}}],"collection":[{"href":"https:\/\/www.chamannajenatsch.ch\/en\/wp-json\/wp\/v2\/posts"}],"about":[{"href":"https:\/\/www.chamannajenatsch.ch\/en\/wp-json\/wp\/v2\/types\/post"}],"author":[{"embeddable":true,"href":"https:\/\/www.chamannajenatsch.ch\/en\/wp-json\/wp\/v2\/users\/1"}],"replies":[{"embeddable":true,"href":"https:\/\/www.chamannajenatsch.ch\/en\/wp-json\/wp\/v2\/comments?post=6229"}],"version-history":[{"count":1,"href":"https:\/\/www.chamannajenatsch.ch\/en\/wp-json\/wp\/v2\/posts\/6229\/revisions"}],"predecessor-version":[{"id":6230,"href":"https:\/\/www.chamannajenatsch.ch\/en\/wp-json\/wp\/v2\/posts\/6229\/revisions\/6230"}],"wp:attachment":[{"href":"https:\/\/www.chamannajenatsch.ch\/en\/wp-json\/wp\/v2\/media?parent=6229"}],"wp:term":[{"taxonomy":"category","embeddable":true,"href":"https:\/\/www.chamannajenatsch.ch\/en\/wp-json\/wp\/v2\/categories?post=6229"},{"taxonomy":"post_tag","embeddable":true,"href":"https:\/\/www.chamannajenatsch.ch\/en\/wp-json\/wp\/v2\/tags?post=6229"}],"curies":[{"name":"wp","href":"https:\/\/api.w.org\/{rel}","templated":true}]}}