{"id":6441,"date":"2023-07-10T17:02:09","date_gmt":"2023-07-10T15:02:09","guid":{"rendered":"http:\/\/www.chamannajenatsch.ch\/?p=6441"},"modified":"2023-07-10T17:02:12","modified_gmt":"2023-07-10T15:02:12","slug":"sommerfeeling-2","status":"publish","type":"post","link":"https:\/\/www.chamannajenatsch.ch\/en\/2023\/07\/10\/sommerfeeling-2\/","title":{"rendered":"Sommerfeeling"},"content":{"rendered":"<p>Ja, die Sommerferien haben begonnen, das merken wir schon! Es hat recht viele Tagesg\u00e4ste f\u00fcr unsere bescheidene Verh\u00e4ltnisse und heute und morgen haben wir auch fast 40 \u00dcbernachtungsg\u00e4ste je. Das freut uns nat\u00fcrlich, so 30 bis 40 ist eine super Zahl, es l\u00e4uft etwas, es lohnt sich so richtig zum Kochen, aber es ist noch kein mega Stress. <\/p>\n\n\n\n<p>Brigitte hatte heute eigentlich frei, da morgen aber noch ein Kollege von ihr hochkommt, ist sie hiergeblieben und hat den Tag ein bisschen rund um die H\u00fctte genossen. Wir haben die Liegest\u00fchle ausgepackt, die uns die HeliBernina geschenkt hat und auch ein bisschen gesonnt und damit auf Instagram ein paar Leute neidisch gemacht. Ja, bei uns kann man noch sonnen und muss sich nicht im Schatten verstecken \ud83d\ude09 <\/p>\n\n\n\n<figure class=\"wp-block-image size-large\"><img fetchpriority=\"high\" decoding=\"async\" width=\"1024\" height=\"768\" src=\"http:\/\/www.chamannajenatsch.ch\/wp-content\/uploads\/2023\/07\/Dani_Liegstuhl-1024x768.jpeg\" alt=\"\" class=\"wp-image-6442\" srcset=\"https:\/\/www.chamannajenatsch.ch\/wp-content\/uploads\/2023\/07\/Dani_Liegstuhl-1024x768.jpeg 1024w, https:\/\/www.chamannajenatsch.ch\/wp-content\/uploads\/2023\/07\/Dani_Liegstuhl-300x225.jpeg 300w, https:\/\/www.chamannajenatsch.ch\/wp-content\/uploads\/2023\/07\/Dani_Liegstuhl-768x576.jpeg 768w, https:\/\/www.chamannajenatsch.ch\/wp-content\/uploads\/2023\/07\/Dani_Liegstuhl-1536x1152.jpeg 1536w, https:\/\/www.chamannajenatsch.ch\/wp-content\/uploads\/2023\/07\/Dani_Liegstuhl-16x12.jpeg 16w, https:\/\/www.chamannajenatsch.ch\/wp-content\/uploads\/2023\/07\/Dani_Liegstuhl.jpeg 2048w\" sizes=\"(max-width: 1024px) 100vw, 1024px\" \/><\/figure>","protected":false},"excerpt":{"rendered":"<p>Ja, die Sommerferien haben begonnen, das merken wir schon! Es hat recht viele Tagesg\u00e4ste f\u00fcr unsere bescheidene Verh\u00e4ltnisse und heute und morgen haben wir auch fast 40 \u00dcbernachtungsg\u00e4ste je. Das freut uns nat\u00fcrlich, so 30 bis 40 ist eine super<\/p>","protected":false},"author":1,"featured_media":0,"comment_status":"closed","ping_status":"closed","sticky":false,"template":"","format":"standard","meta":{"inline_featured_image":false,"footnotes":""},"categories":[1],"tags":[],"class_list":["post-6441","post","type-post","status-publish","format-standard","hentry","category-allgemein"],"_links":{"self":[{"href":"https:\/\/www.chamannajenatsch.ch\/en\/wp-json\/wp\/v2\/posts\/6441","targetHints":{"allow":["GET"]}}],"collection":[{"href":"https:\/\/www.chamannajenatsch.ch\/en\/wp-json\/wp\/v2\/posts"}],"about":[{"href":"https:\/\/www.chamannajenatsch.ch\/en\/wp-json\/wp\/v2\/types\/post"}],"author":[{"embeddable":true,"href":"https:\/\/www.chamannajenatsch.ch\/en\/wp-json\/wp\/v2\/users\/1"}],"replies":[{"embeddable":true,"href":"https:\/\/www.chamannajenatsch.ch\/en\/wp-json\/wp\/v2\/comments?post=6441"}],"version-history":[{"count":1,"href":"https:\/\/www.chamannajenatsch.ch\/en\/wp-json\/wp\/v2\/posts\/6441\/revisions"}],"predecessor-version":[{"id":6443,"href":"https:\/\/www.chamannajenatsch.ch\/en\/wp-json\/wp\/v2\/posts\/6441\/revisions\/6443"}],"wp:attachment":[{"href":"https:\/\/www.chamannajenatsch.ch\/en\/wp-json\/wp\/v2\/media?parent=6441"}],"wp:term":[{"taxonomy":"category","embeddable":true,"href":"https:\/\/www.chamannajenatsch.ch\/en\/wp-json\/wp\/v2\/categories?post=6441"},{"taxonomy":"post_tag","embeddable":true,"href":"https:\/\/www.chamannajenatsch.ch\/en\/wp-json\/wp\/v2\/tags?post=6441"}],"curies":[{"name":"wp","href":"https:\/\/api.w.org\/{rel}","templated":true}]}}