{"id":6507,"date":"2023-07-23T16:05:24","date_gmt":"2023-07-23T14:05:24","guid":{"rendered":"http:\/\/www.chamannajenatsch.ch\/?p=6507"},"modified":"2023-07-23T16:05:26","modified_gmt":"2023-07-23T14:05:26","slug":"6507","status":"publish","type":"post","link":"https:\/\/www.chamannajenatsch.ch\/en\/2023\/07\/23\/6507\/","title":{"rendered":""},"content":{"rendered":"<p>Heute Morgen haben uns C\u00e9lia und Henry und auch Brigitte verlassen. Somit sind wir noch zu viert und es ist etwas ruhiger in der K\u00fcche. F\u00fcr heute haben wir uns auch ein etwas einfacheres Menu ausgesucht, so dass wir alle mal ein bisschen runterfahren k\u00f6nnen \ud83d\ude09<\/p>\n\n\n\n<p>Alicia ist zwar noch frisch, aber Dani und ich sind doch langsam etwas m\u00fcde und auch Sophia ist ja jetzt schon \u00fcber eine Woche hier oben und hat immer so fleissig mit angepackt, gebacken, Dessert gemacht und so weiter, dass mal ein Tag etwas ruhiger auch passt. Alicia und Sophia haben jetzt noch einen Ausflug gemacht, dass Sophia auch noch den Weg Richtung Fuorcla Suvretta kennenlernt. Die n\u00e4chsten zwei Tage ist wohl eher nicht so Ausflugswetter und am Mittwoch sind ihre zwei Wochen schon vorbei. Die Zeit fliegt hier oben. Eigentlich z\u00e4hlt man die Tage nur an der steigenden M\u00fcdigkeit \ud83d\ude09 Ansonsten merkt man fast nicht, wie die Tage und Wochen vergehen, vor allem wenn immer was l\u00e4uft. Wir hoffen nat\u00fcrlich, dass es Sophia gefallen hat bei uns und dass sie n\u00e4chsten Sommer wieder kommt. Liebe Sophia, wir finden es super mit dir \ud83d\ude42<\/p>\n\n\n\n<p>Vorher habe ich auch noch eine Pendenz erledigt und etwas gespendet f\u00fcr Rebolting, einen Verein, der Kletterrouten nachhaltig saniert und damit die Sicherheit in den Bergen erh\u00f6ht. Bereits Anfang Juli ist eine uns bekannte Person in den Bergen ums Leben gekommen und anstatt Blumen, wurde zur Spende f\u00fcr diesen Verein aufgerufen. Wir finden dies eine gute Idee und erinnern somit &#8222;sinnvoll&#8220; an jemanden, der die Berge geliebt hat und leider bei einer Bergtour nicht nach Hause gekommen ist. Passt auf euch auf und geniesst das Leben! <\/p>\n\n\n\n<p><\/p>","protected":false},"excerpt":{"rendered":"<p>Heute Morgen haben uns C\u00e9lia und Henry und auch Brigitte verlassen. Somit sind wir noch zu viert und es ist etwas ruhiger in der K\u00fcche. F\u00fcr heute haben wir uns auch ein etwas einfacheres Menu ausgesucht, so dass wir alle<\/p>","protected":false},"author":1,"featured_media":0,"comment_status":"closed","ping_status":"closed","sticky":false,"template":"","format":"standard","meta":{"inline_featured_image":false,"footnotes":""},"categories":[1],"tags":[],"class_list":["post-6507","post","type-post","status-publish","format-standard","hentry","category-allgemein"],"_links":{"self":[{"href":"https:\/\/www.chamannajenatsch.ch\/en\/wp-json\/wp\/v2\/posts\/6507","targetHints":{"allow":["GET"]}}],"collection":[{"href":"https:\/\/www.chamannajenatsch.ch\/en\/wp-json\/wp\/v2\/posts"}],"about":[{"href":"https:\/\/www.chamannajenatsch.ch\/en\/wp-json\/wp\/v2\/types\/post"}],"author":[{"embeddable":true,"href":"https:\/\/www.chamannajenatsch.ch\/en\/wp-json\/wp\/v2\/users\/1"}],"replies":[{"embeddable":true,"href":"https:\/\/www.chamannajenatsch.ch\/en\/wp-json\/wp\/v2\/comments?post=6507"}],"version-history":[{"count":1,"href":"https:\/\/www.chamannajenatsch.ch\/en\/wp-json\/wp\/v2\/posts\/6507\/revisions"}],"predecessor-version":[{"id":6508,"href":"https:\/\/www.chamannajenatsch.ch\/en\/wp-json\/wp\/v2\/posts\/6507\/revisions\/6508"}],"wp:attachment":[{"href":"https:\/\/www.chamannajenatsch.ch\/en\/wp-json\/wp\/v2\/media?parent=6507"}],"wp:term":[{"taxonomy":"category","embeddable":true,"href":"https:\/\/www.chamannajenatsch.ch\/en\/wp-json\/wp\/v2\/categories?post=6507"},{"taxonomy":"post_tag","embeddable":true,"href":"https:\/\/www.chamannajenatsch.ch\/en\/wp-json\/wp\/v2\/tags?post=6507"}],"curies":[{"name":"wp","href":"https:\/\/api.w.org\/{rel}","templated":true}]}}