{"id":6509,"date":"2023-07-24T16:39:20","date_gmt":"2023-07-24T14:39:20","guid":{"rendered":"http:\/\/www.chamannajenatsch.ch\/?p=6509"},"modified":"2023-07-24T16:39:23","modified_gmt":"2023-07-24T14:39:23","slug":"rainy-days","status":"publish","type":"post","link":"https:\/\/www.chamannajenatsch.ch\/en\/2023\/07\/24\/rainy-days\/","title":{"rendered":"Rainy days"},"content":{"rendered":"<p>Ja, heute ist wirklich gr\u00fcseliges Wetter! Es regnet schon fast den ganzen Tag, mit ein paar Unterbrechungen und ein bisschen Sonne dazwischen. Eigentlich war es ja schon seit einigen Tagen klar und deswegen ist auch Brigitte gestern schon ins Tal und nicht erst heute Morgen. Wir hatten trotztdem noch \u00fcber 40 G\u00e4ste angemeldet als die Stornofrist schon abgelaufen war und davon haben einige gestern abgesagt und einige noch heute fr\u00fcher oder sp\u00e4ter. Knapp 20 haben es nun noch zu uns hochgeschafft. Ehrlich, es ist wirklich kein Wanderwetter, aber es kam definitiv nicht \u00fcberraschend. F\u00fcr die Natur ist der Regen aber sicher gut und vielleicht gibt es in den n\u00e4cshten Tagen auch oben noch ein bisschen Schnee f\u00fcr die Gletscher \ud83d\ude42 Und wenn Sophia am Mittwochmorgen noch einen kleinen Schneemann bauen k\u00f6nnte an ihrem letzten Tag, w\u00e4re doch auch cool \ud83d\ude09 Auf jedenfall besser zwei Tage Regen und etwas k\u00e4lter als die 46 Grad und Hitzewelle in S\u00fcdeuropa&#8230; <br>Jaja, so ist es heute etwas gem\u00fctlicher bei uns. Dani hat zwar eher einen ungem\u00fctlichen Job gemacht und hat probiert das Pissoir zu entstopfen, iieks. Sophia, Alicia und ich haben unter anderem ein Chuchiyoga gemacht, die zwei haben Dessert gemacht und ich bin am hirnen wegen den Bestellungen f\u00fcr den Flug Ende Woche. Einerseits haben wir noch viel Ware, anderseits m\u00f6chten wir unbedingt nochmals fliegen vor dem ersten August, da wir noch ein paar Specials bestellen wollen. Und die ganzen Bestellungen hier und da bei den regionalen Lieferanten machen es auch wirklich nicht einfacher mit der Logistik, da es manchmal nicht ganz klar ist wer wann f\u00e4hrt und die Sachen dann p\u00fcnktlich bei der HeliBernina sind \ud83d\ude09 Aber irgendwie klappts denn schon \ud83d\ude42<\/p>","protected":false},"excerpt":{"rendered":"<p>Ja, heute ist wirklich gr\u00fcseliges Wetter! Es regnet schon fast den ganzen Tag, mit ein paar Unterbrechungen und ein bisschen Sonne dazwischen. Eigentlich war es ja schon seit einigen Tagen klar und deswegen ist auch Brigitte gestern schon ins Tal<\/p>","protected":false},"author":1,"featured_media":0,"comment_status":"closed","ping_status":"closed","sticky":false,"template":"","format":"standard","meta":{"inline_featured_image":false,"footnotes":""},"categories":[1],"tags":[],"class_list":["post-6509","post","type-post","status-publish","format-standard","hentry","category-allgemein"],"_links":{"self":[{"href":"https:\/\/www.chamannajenatsch.ch\/en\/wp-json\/wp\/v2\/posts\/6509","targetHints":{"allow":["GET"]}}],"collection":[{"href":"https:\/\/www.chamannajenatsch.ch\/en\/wp-json\/wp\/v2\/posts"}],"about":[{"href":"https:\/\/www.chamannajenatsch.ch\/en\/wp-json\/wp\/v2\/types\/post"}],"author":[{"embeddable":true,"href":"https:\/\/www.chamannajenatsch.ch\/en\/wp-json\/wp\/v2\/users\/1"}],"replies":[{"embeddable":true,"href":"https:\/\/www.chamannajenatsch.ch\/en\/wp-json\/wp\/v2\/comments?post=6509"}],"version-history":[{"count":1,"href":"https:\/\/www.chamannajenatsch.ch\/en\/wp-json\/wp\/v2\/posts\/6509\/revisions"}],"predecessor-version":[{"id":6510,"href":"https:\/\/www.chamannajenatsch.ch\/en\/wp-json\/wp\/v2\/posts\/6509\/revisions\/6510"}],"wp:attachment":[{"href":"https:\/\/www.chamannajenatsch.ch\/en\/wp-json\/wp\/v2\/media?parent=6509"}],"wp:term":[{"taxonomy":"category","embeddable":true,"href":"https:\/\/www.chamannajenatsch.ch\/en\/wp-json\/wp\/v2\/categories?post=6509"},{"taxonomy":"post_tag","embeddable":true,"href":"https:\/\/www.chamannajenatsch.ch\/en\/wp-json\/wp\/v2\/tags?post=6509"}],"curies":[{"name":"wp","href":"https:\/\/api.w.org\/{rel}","templated":true}]}}