{"id":6577,"date":"2023-08-01T16:16:34","date_gmt":"2023-08-01T14:16:34","guid":{"rendered":"http:\/\/www.chamannajenatsch.ch\/?p=6577"},"modified":"2023-08-01T16:17:12","modified_gmt":"2023-08-01T14:17:12","slug":"boeoeoerger","status":"publish","type":"post","link":"https:\/\/www.chamannajenatsch.ch\/en\/2023\/08\/01\/boeoeoerger\/","title":{"rendered":"B\u00f6\u00f6\u00f6rger"},"content":{"rendered":"<p>Heute ist Gr\u00fcselwetter zum 1. August. Es hat nicht dauernd geregnet, aber immer wieder. Wir hatten aber sogar noch Tagesg\u00e4ste und die ersten \u00dcbernachtungsg\u00e4ste waren auch bereits fr\u00fch hier. Somit gab es wieder ein bisschen Tagesgesch\u00e4ft in der K\u00fcche und auch sonst waren wir fleissig am vorbereiten. Es sind immerhin noch knapp 30 G\u00e4ste angemeldet bei uns, darunter eine Familie mit kleinen Kindern, die Alicia besuchen kommen. Da es aber nicht ganz so viele sind, haben wir uns wieder mal f\u00fcr Burgen entschieden \ud83d\ude09 Hmm niammy. Jetzt ist alles vorbereitet, die BBQ Sauce hat Dani bereits vorbereitet vor einigen Tagen, die Buns sind gebacken und das Salatbuffet wartet auch im Keller auf den Einsatz. <\/p>\n\n\n\n<p>Jetzt sind wir abwechselnd noch ein bisschen am Pause machen, dass wir dann ready sind f\u00fcrs grosse Burgerbelegen \ud83d\ude09<\/p>\n\n\n\n<p>Wir hoffen, dass sich nachher die Regenzellen noch verziehen und wir vielleicht endlich wieder mal die Fackeln auspacken und auch anz\u00fcnden k\u00f6nnen! Die fristen immer ein trauriges Dasein im Keller, da es meistens zu nass oder und zu windig ist um sie anzuz\u00fcnden zum 1. August und an Silvester. <\/p>\n\n\n\n<p>Dann w\u00fcnschen wir trotz des nassen Wetters allen einen sch\u00f6nen Feiertag! Wir hoffen ihr habt einen Regenschirm zur Hand zum Grillieren \ud83d\ude09<\/p>","protected":false},"excerpt":{"rendered":"<p>Heute ist Gr\u00fcselwetter zum 1. August. Es hat nicht dauernd geregnet, aber immer wieder. Wir hatten aber sogar noch Tagesg\u00e4ste und die ersten \u00dcbernachtungsg\u00e4ste waren auch bereits fr\u00fch hier. Somit gab es wieder ein bisschen Tagesgesch\u00e4ft in der K\u00fcche und<\/p>","protected":false},"author":1,"featured_media":0,"comment_status":"closed","ping_status":"closed","sticky":false,"template":"","format":"standard","meta":{"inline_featured_image":false,"footnotes":""},"categories":[1],"tags":[],"class_list":["post-6577","post","type-post","status-publish","format-standard","hentry","category-allgemein"],"_links":{"self":[{"href":"https:\/\/www.chamannajenatsch.ch\/en\/wp-json\/wp\/v2\/posts\/6577","targetHints":{"allow":["GET"]}}],"collection":[{"href":"https:\/\/www.chamannajenatsch.ch\/en\/wp-json\/wp\/v2\/posts"}],"about":[{"href":"https:\/\/www.chamannajenatsch.ch\/en\/wp-json\/wp\/v2\/types\/post"}],"author":[{"embeddable":true,"href":"https:\/\/www.chamannajenatsch.ch\/en\/wp-json\/wp\/v2\/users\/1"}],"replies":[{"embeddable":true,"href":"https:\/\/www.chamannajenatsch.ch\/en\/wp-json\/wp\/v2\/comments?post=6577"}],"version-history":[{"count":2,"href":"https:\/\/www.chamannajenatsch.ch\/en\/wp-json\/wp\/v2\/posts\/6577\/revisions"}],"predecessor-version":[{"id":6580,"href":"https:\/\/www.chamannajenatsch.ch\/en\/wp-json\/wp\/v2\/posts\/6577\/revisions\/6580"}],"wp:attachment":[{"href":"https:\/\/www.chamannajenatsch.ch\/en\/wp-json\/wp\/v2\/media?parent=6577"}],"wp:term":[{"taxonomy":"category","embeddable":true,"href":"https:\/\/www.chamannajenatsch.ch\/en\/wp-json\/wp\/v2\/categories?post=6577"},{"taxonomy":"post_tag","embeddable":true,"href":"https:\/\/www.chamannajenatsch.ch\/en\/wp-json\/wp\/v2\/tags?post=6577"}],"curies":[{"name":"wp","href":"https:\/\/api.w.org\/{rel}","templated":true}]}}