{"id":6618,"date":"2023-08-13T17:01:08","date_gmt":"2023-08-13T15:01:08","guid":{"rendered":"http:\/\/www.chamannajenatsch.ch\/?p=6618"},"modified":"2023-08-13T17:01:50","modified_gmt":"2023-08-13T15:01:50","slug":"zuwachs","status":"publish","type":"post","link":"https:\/\/www.chamannajenatsch.ch\/en\/2023\/08\/13\/zuwachs\/","title":{"rendered":"Zuwachs"},"content":{"rendered":"<p>Unsere Entlifamilie hat Zuwachs bekommen. Meine Eltern haben aus Slowenien ein neues Entli mitgebracht. Neben den Amsterdamer Skifahrer und Ch\u00fceli haben wir nun auch noch ein slowenisches Schaf. Ein schwarzes Schaf \ud83d\ude09 Es ist nun also eine Dreierfamilie die im Brunnen paddelt \ud83d\ude42<\/p>\n\n\n\n<p>Heute ist wirklich  ein Traumtag! Die Sonne scheint und es ist warm. Fast zu warm wieder mal. Nach dem Schnee von letzter Woche, haben wir heute bereits um 9 Uhr draussen in kurzer Hose und T-Shirt gefr\u00fchst\u00fcckt. Heute Nachmittag wars dann fast zu heiss w\u00e4hrend der Pause draussen, es hat richtig gebruzelt. <\/p>\n\n\n\n<p>Es ist heute aber ein bisschen ruhiger und wir haben den Tag auch ein bisschen fauler angegangen und ein bisschen mehr Erholungspausen f\u00fcr alle eingelegt. <\/p>\n\n\n\n<figure class=\"wp-block-image size-large\"><img fetchpriority=\"high\" decoding=\"async\" width=\"1024\" height=\"768\" src=\"http:\/\/www.chamannajenatsch.ch\/wp-content\/uploads\/2023\/08\/signal-2023-08-13-114133_002-1024x768.jpeg\" alt=\"\" class=\"wp-image-6621\" srcset=\"https:\/\/www.chamannajenatsch.ch\/wp-content\/uploads\/2023\/08\/signal-2023-08-13-114133_002-1024x768.jpeg 1024w, https:\/\/www.chamannajenatsch.ch\/wp-content\/uploads\/2023\/08\/signal-2023-08-13-114133_002-300x225.jpeg 300w, https:\/\/www.chamannajenatsch.ch\/wp-content\/uploads\/2023\/08\/signal-2023-08-13-114133_002-768x576.jpeg 768w, https:\/\/www.chamannajenatsch.ch\/wp-content\/uploads\/2023\/08\/signal-2023-08-13-114133_002-1536x1152.jpeg 1536w, https:\/\/www.chamannajenatsch.ch\/wp-content\/uploads\/2023\/08\/signal-2023-08-13-114133_002-16x12.jpeg 16w, https:\/\/www.chamannajenatsch.ch\/wp-content\/uploads\/2023\/08\/signal-2023-08-13-114133_002.jpeg 2048w\" sizes=\"(max-width: 1024px) 100vw, 1024px\" \/><\/figure>","protected":false},"excerpt":{"rendered":"<p>Unsere Entlifamilie hat Zuwachs bekommen. Meine Eltern haben aus Slowenien ein neues Entli mitgebracht. Neben den Amsterdamer Skifahrer und Ch\u00fceli haben wir nun auch noch ein slowenisches Schaf. Ein schwarzes Schaf \ud83d\ude09 Es ist nun also eine Dreierfamilie die im<\/p>","protected":false},"author":1,"featured_media":0,"comment_status":"closed","ping_status":"closed","sticky":false,"template":"","format":"standard","meta":{"inline_featured_image":false,"footnotes":""},"categories":[1],"tags":[],"class_list":["post-6618","post","type-post","status-publish","format-standard","hentry","category-allgemein"],"_links":{"self":[{"href":"https:\/\/www.chamannajenatsch.ch\/en\/wp-json\/wp\/v2\/posts\/6618","targetHints":{"allow":["GET"]}}],"collection":[{"href":"https:\/\/www.chamannajenatsch.ch\/en\/wp-json\/wp\/v2\/posts"}],"about":[{"href":"https:\/\/www.chamannajenatsch.ch\/en\/wp-json\/wp\/v2\/types\/post"}],"author":[{"embeddable":true,"href":"https:\/\/www.chamannajenatsch.ch\/en\/wp-json\/wp\/v2\/users\/1"}],"replies":[{"embeddable":true,"href":"https:\/\/www.chamannajenatsch.ch\/en\/wp-json\/wp\/v2\/comments?post=6618"}],"version-history":[{"count":2,"href":"https:\/\/www.chamannajenatsch.ch\/en\/wp-json\/wp\/v2\/posts\/6618\/revisions"}],"predecessor-version":[{"id":6622,"href":"https:\/\/www.chamannajenatsch.ch\/en\/wp-json\/wp\/v2\/posts\/6618\/revisions\/6622"}],"wp:attachment":[{"href":"https:\/\/www.chamannajenatsch.ch\/en\/wp-json\/wp\/v2\/media?parent=6618"}],"wp:term":[{"taxonomy":"category","embeddable":true,"href":"https:\/\/www.chamannajenatsch.ch\/en\/wp-json\/wp\/v2\/categories?post=6618"},{"taxonomy":"post_tag","embeddable":true,"href":"https:\/\/www.chamannajenatsch.ch\/en\/wp-json\/wp\/v2\/tags?post=6618"}],"curies":[{"name":"wp","href":"https:\/\/api.w.org\/{rel}","templated":true}]}}