{"id":6635,"date":"2023-08-18T17:02:12","date_gmt":"2023-08-18T15:02:12","guid":{"rendered":"http:\/\/www.chamannajenatsch.ch\/?p=6635"},"modified":"2023-08-18T17:02:14","modified_gmt":"2023-08-18T15:02:14","slug":"ausflug","status":"publish","type":"post","link":"https:\/\/www.chamannajenatsch.ch\/en\/2023\/08\/18\/ausflug\/","title":{"rendered":"Ausflug"},"content":{"rendered":"<p>Yuhu Dani und ich hatten heute Morgen frei und wir haben ein T\u00fc\u00fcrli gemacht. Wir hatten l\u00e4nger schon den S\u00fcdgrat des Piz Picuogl im Auge, bisher hatte es aber noch keine Gelegenheit gegeben dieses Projekt in Angriff zu nehmen. Es gibt auch keine Routenbeschreibung zu dem Weg und wir hatten nur geh\u00f6rt, dass Heini dies fr\u00fcher immer gemacht hat. Da es in der Nacht geregnet hatte, waren die Flechten auf den Steinen noch nass und es war recht moosig und ein bisschen rutschig zwischendurch. Alles gesamt ging es aber recht gut \ud83d\ude42 Oben am Gipfel haben wir dann noch die vom Blitzeinschlag durchl\u00f6cherte Gamelle ersetzt und zusammen mit einer alte rostige Honigdose (Was macht die wohl da oben?) mit runtergetragen. \u00dcber den Westgrat gings dann flott zu den beiden Tschimas und wieder zur\u00fcck zur H\u00fctte und zum Zmittag \ud83d\ude09<\/p>\n\n\n\n<p>Nici und Brigitte haben die Stellung gehalten, H\u00fcttenwusel gemacht, gekocht und Tagesg\u00e4ste bedient (mit Unterst\u00fctzung von Jachen, der auch zu Besuch war ;-)), vielen Dank \ud83d\ude42<\/p>\n\n\n\n<p>Morgen Samstag und Sonntag wird richtig voll, dann gibt nochmal zwei Tage Action. <\/p>\n\n\n\n<figure class=\"wp-block-image size-large\"><img fetchpriority=\"high\" decoding=\"async\" width=\"1024\" height=\"576\" src=\"http:\/\/www.chamannajenatsch.ch\/wp-content\/uploads\/2023\/08\/signal-2023-08-18-132326_002-1024x576.jpeg\" alt=\"\" class=\"wp-image-6637\" srcset=\"https:\/\/www.chamannajenatsch.ch\/wp-content\/uploads\/2023\/08\/signal-2023-08-18-132326_002-1024x576.jpeg 1024w, https:\/\/www.chamannajenatsch.ch\/wp-content\/uploads\/2023\/08\/signal-2023-08-18-132326_002-300x169.jpeg 300w, https:\/\/www.chamannajenatsch.ch\/wp-content\/uploads\/2023\/08\/signal-2023-08-18-132326_002-768x432.jpeg 768w, https:\/\/www.chamannajenatsch.ch\/wp-content\/uploads\/2023\/08\/signal-2023-08-18-132326_002-1536x864.jpeg 1536w, https:\/\/www.chamannajenatsch.ch\/wp-content\/uploads\/2023\/08\/signal-2023-08-18-132326_002-18x10.jpeg 18w, https:\/\/www.chamannajenatsch.ch\/wp-content\/uploads\/2023\/08\/signal-2023-08-18-132326_002.jpeg 2048w\" sizes=\"(max-width: 1024px) 100vw, 1024px\" \/><\/figure>","protected":false},"excerpt":{"rendered":"<p>Yuhu Dani und ich hatten heute Morgen frei und wir haben ein T\u00fc\u00fcrli gemacht. Wir hatten l\u00e4nger schon den S\u00fcdgrat des Piz Picuogl im Auge, bisher hatte es aber noch keine Gelegenheit gegeben dieses Projekt in Angriff zu nehmen. Es<\/p>","protected":false},"author":1,"featured_media":0,"comment_status":"closed","ping_status":"closed","sticky":false,"template":"","format":"standard","meta":{"inline_featured_image":false,"footnotes":""},"categories":[1],"tags":[],"class_list":["post-6635","post","type-post","status-publish","format-standard","hentry","category-allgemein"],"_links":{"self":[{"href":"https:\/\/www.chamannajenatsch.ch\/en\/wp-json\/wp\/v2\/posts\/6635","targetHints":{"allow":["GET"]}}],"collection":[{"href":"https:\/\/www.chamannajenatsch.ch\/en\/wp-json\/wp\/v2\/posts"}],"about":[{"href":"https:\/\/www.chamannajenatsch.ch\/en\/wp-json\/wp\/v2\/types\/post"}],"author":[{"embeddable":true,"href":"https:\/\/www.chamannajenatsch.ch\/en\/wp-json\/wp\/v2\/users\/1"}],"replies":[{"embeddable":true,"href":"https:\/\/www.chamannajenatsch.ch\/en\/wp-json\/wp\/v2\/comments?post=6635"}],"version-history":[{"count":1,"href":"https:\/\/www.chamannajenatsch.ch\/en\/wp-json\/wp\/v2\/posts\/6635\/revisions"}],"predecessor-version":[{"id":6638,"href":"https:\/\/www.chamannajenatsch.ch\/en\/wp-json\/wp\/v2\/posts\/6635\/revisions\/6638"}],"wp:attachment":[{"href":"https:\/\/www.chamannajenatsch.ch\/en\/wp-json\/wp\/v2\/media?parent=6635"}],"wp:term":[{"taxonomy":"category","embeddable":true,"href":"https:\/\/www.chamannajenatsch.ch\/en\/wp-json\/wp\/v2\/categories?post=6635"},{"taxonomy":"post_tag","embeddable":true,"href":"https:\/\/www.chamannajenatsch.ch\/en\/wp-json\/wp\/v2\/tags?post=6635"}],"curies":[{"name":"wp","href":"https:\/\/api.w.org\/{rel}","templated":true}]}}