{"id":6844,"date":"2023-09-05T17:49:32","date_gmt":"2023-09-05T15:49:32","guid":{"rendered":"http:\/\/www.chamannajenatsch.ch\/?p=6844"},"modified":"2023-09-05T17:49:35","modified_gmt":"2023-09-05T15:49:35","slug":"sommer-3","status":"publish","type":"post","link":"https:\/\/www.chamannajenatsch.ch\/en\/2023\/09\/05\/sommer-3\/","title":{"rendered":"Summer"},"content":{"rendered":"<p>Ja es ist Sommer im Herbst. Fr\u00fchst\u00fcck draussen, schnell H\u00fcttenputz machen und dann s\u00f6nnele s\u00f6nnele. Gegen Mittag waren wir dann aber sowohl gestern als auch heute schon so durchgebruzelt, dass wir dann auch mal in die K\u00fcche mussten, dass wir keinen Sonnebrand und Hitzeschlag einfingen \ud83d\ude09<\/p>\n\n\n\n<p>Meine Eltern sind gestern noch hochgekommen und waren heute auf dem Piz d&#8217;Agnel bei Traumwetter. Auch das Seeli ist wieder sooo sch\u00f6n blau. Es ist wirklich perfektes Wanderwetter! <\/p>\n\n\n\n<p>Ansonsten ist es trotz bombastischen Wetter eher ruhig und wir geniessen es aber, auch mal ein bisschen zu chillen. <\/p>\n\n\n\n<p>Brigitte ist diese Woche im Tal und geniesst das sch\u00f6ne Wetter im Frei und wir sind zu Dritt mit Alicia. Es ist nun bereits ihre letzte Woche bei uns, wir werden sie dann vermissen \ud83d\ude41 <\/p>\n\n\n\n<p>Jetzt gibt f\u00fcr die wenigen G\u00e4ste (und hoffentlich auch f\u00fcr uns) Lasagna zum Znacht \ud83d\ude42<\/p>","protected":false},"excerpt":{"rendered":"<p>Ja es ist Sommer im Herbst. Fr\u00fchst\u00fcck draussen, schnell H\u00fcttenputz machen und dann s\u00f6nnele s\u00f6nnele. Gegen Mittag waren wir dann aber sowohl gestern als auch heute schon so durchgebruzelt, dass wir dann auch mal in die K\u00fcche mussten, dass wir<\/p>","protected":false},"author":1,"featured_media":0,"comment_status":"closed","ping_status":"closed","sticky":false,"template":"","format":"standard","meta":{"inline_featured_image":false,"footnotes":""},"categories":[1],"tags":[],"class_list":["post-6844","post","type-post","status-publish","format-standard","hentry","category-allgemein"],"_links":{"self":[{"href":"https:\/\/www.chamannajenatsch.ch\/en\/wp-json\/wp\/v2\/posts\/6844","targetHints":{"allow":["GET"]}}],"collection":[{"href":"https:\/\/www.chamannajenatsch.ch\/en\/wp-json\/wp\/v2\/posts"}],"about":[{"href":"https:\/\/www.chamannajenatsch.ch\/en\/wp-json\/wp\/v2\/types\/post"}],"author":[{"embeddable":true,"href":"https:\/\/www.chamannajenatsch.ch\/en\/wp-json\/wp\/v2\/users\/1"}],"replies":[{"embeddable":true,"href":"https:\/\/www.chamannajenatsch.ch\/en\/wp-json\/wp\/v2\/comments?post=6844"}],"version-history":[{"count":1,"href":"https:\/\/www.chamannajenatsch.ch\/en\/wp-json\/wp\/v2\/posts\/6844\/revisions"}],"predecessor-version":[{"id":6845,"href":"https:\/\/www.chamannajenatsch.ch\/en\/wp-json\/wp\/v2\/posts\/6844\/revisions\/6845"}],"wp:attachment":[{"href":"https:\/\/www.chamannajenatsch.ch\/en\/wp-json\/wp\/v2\/media?parent=6844"}],"wp:term":[{"taxonomy":"category","embeddable":true,"href":"https:\/\/www.chamannajenatsch.ch\/en\/wp-json\/wp\/v2\/categories?post=6844"},{"taxonomy":"post_tag","embeddable":true,"href":"https:\/\/www.chamannajenatsch.ch\/en\/wp-json\/wp\/v2\/tags?post=6844"}],"curies":[{"name":"wp","href":"https:\/\/api.w.org\/{rel}","templated":true}]}}