{"id":6856,"date":"2023-09-12T22:44:08","date_gmt":"2023-09-12T20:44:08","guid":{"rendered":"http:\/\/www.chamannajenatsch.ch\/?p=6856"},"modified":"2023-09-12T22:44:10","modified_gmt":"2023-09-12T20:44:10","slug":"wochenende-2","status":"publish","type":"post","link":"https:\/\/www.chamannajenatsch.ch\/en\/2023\/09\/12\/wochenende-2\/","title":{"rendered":"Wochenende"},"content":{"rendered":"<p>Gestern waren Nici, Alicia und Auri noch auf Ausflug. Vor den G\u00e4sten los und auf die Tschima da Flix und weiter auf den Picuogl und retour zur H\u00fctte. Super Wetter und l\u00e4ssige Tour, am letzten Tag von Alicia bei uns. Dann kam der grosse Abschied. Nach einer grossen R\u00f6sti f\u00fcr alle. <\/p>\n\n\n\n<p>Am Nachmittag habe ich (Dani, ausnahmsweise) dann noch die neue Pumpe eingebaut. Den neuen Motor haben wir schon im Winter bekommen und gebraucht, die neue Mechanik hat der Heli erst Anfang dieser Saison gebracht. Und Zeit zum Einbauen haben wir bis jetzt noch nicht gefunden (war auch nicht so dringend, die Pumpe brauchen wir erst im Winter). Aber testen ob alles funktioniert war langsam notwendig, um noch reagieren zu k\u00f6nnen diese Saison. Die \u00dcberraschung war dann auch nicht so gross, dass beim ersten Test der Strom in der H\u00fctte ausgegangen ist. \u00dcberlast. Die Pumpe hat auch sehr seltsam get\u00f6nt. Also alles wieder auseinander bauen, putzen, und nochmals zusammenbauen. Beim 4ten und letzten Versuch um 17.15 Uhr, nachdem die alte Mechanik funktioniert hat (hab auch diese wieder montiert), ist die Pumpe dann angesprungen. Und vor dem Essen um 18.30 Uhr konnte ich sogar noch Duschen.<\/p>\n\n\n\n<p>Heute war der Tag sehr ruhig. Nicht nur weil der Satellit und damit das Telefon nicht immer funtionieren. Die 7 Tagesg\u00e4ste waren f\u00fcr uns 4 nicht so ein grosser Aufwand. Jill hat die letzten Bestellungen f\u00fcr den n\u00e4chsten Heli gemacht. Das stand gestern auf dem Programm, aber ohne Internet und Telefon ist das Organisieren kaum m\u00f6glich. Ein Techniker kommt unsere Satellitenanlage anschauen, am Donnerstag, oder n\u00e4chsten Dienstag, oder wenn dann mal ein Tag ohne Regen ist. Und grad ein Techniker Zeit hat. Die n\u00e4chsten Tage sind mit dem Regen in der Prognose nicht so viele G\u00e4ste angemeldet. Deshalb ist Jill heute f\u00fcr ein paar Tage ins Tal gegangen. Sozusagen Wochenende.<\/p>","protected":false},"excerpt":{"rendered":"<p>Gestern waren Nici, Alicia und Auri noch auf Ausflug. Vor den G\u00e4sten los und auf die Tschima da Flix und weiter auf den Picuogl und retour zur H\u00fctte. Super Wetter und l\u00e4ssige Tour, am letzten Tag von Alicia bei uns.<\/p>","protected":false},"author":1,"featured_media":0,"comment_status":"closed","ping_status":"closed","sticky":false,"template":"","format":"standard","meta":{"inline_featured_image":false,"footnotes":""},"categories":[1],"tags":[],"class_list":["post-6856","post","type-post","status-publish","format-standard","hentry","category-allgemein"],"_links":{"self":[{"href":"https:\/\/www.chamannajenatsch.ch\/en\/wp-json\/wp\/v2\/posts\/6856","targetHints":{"allow":["GET"]}}],"collection":[{"href":"https:\/\/www.chamannajenatsch.ch\/en\/wp-json\/wp\/v2\/posts"}],"about":[{"href":"https:\/\/www.chamannajenatsch.ch\/en\/wp-json\/wp\/v2\/types\/post"}],"author":[{"embeddable":true,"href":"https:\/\/www.chamannajenatsch.ch\/en\/wp-json\/wp\/v2\/users\/1"}],"replies":[{"embeddable":true,"href":"https:\/\/www.chamannajenatsch.ch\/en\/wp-json\/wp\/v2\/comments?post=6856"}],"version-history":[{"count":1,"href":"https:\/\/www.chamannajenatsch.ch\/en\/wp-json\/wp\/v2\/posts\/6856\/revisions"}],"predecessor-version":[{"id":6857,"href":"https:\/\/www.chamannajenatsch.ch\/en\/wp-json\/wp\/v2\/posts\/6856\/revisions\/6857"}],"wp:attachment":[{"href":"https:\/\/www.chamannajenatsch.ch\/en\/wp-json\/wp\/v2\/media?parent=6856"}],"wp:term":[{"taxonomy":"category","embeddable":true,"href":"https:\/\/www.chamannajenatsch.ch\/en\/wp-json\/wp\/v2\/categories?post=6856"},{"taxonomy":"post_tag","embeddable":true,"href":"https:\/\/www.chamannajenatsch.ch\/en\/wp-json\/wp\/v2\/tags?post=6856"}],"curies":[{"name":"wp","href":"https:\/\/api.w.org\/{rel}","templated":true}]}}