{"id":6861,"date":"2023-09-16T16:52:07","date_gmt":"2023-09-16T14:52:07","guid":{"rendered":"http:\/\/www.chamannajenatsch.ch\/?p=6861"},"modified":"2023-09-16T16:52:10","modified_gmt":"2023-09-16T14:52:10","slug":"samstag-8","status":"publish","type":"post","link":"https:\/\/www.chamannajenatsch.ch\/en\/2023\/09\/16\/samstag-8\/","title":{"rendered":"Samstag"},"content":{"rendered":"<p>Sodeli, ich bin auch wieder hier \ud83d\ude42<\/p>\n\n\n\n<p>Bei 4 N\u00e4chten im Tal kann man sich noch gut erholen und was machen. Ich war bei meinen Eltern zum Znacht, beim Coiffeur und in der Massage, zu Besuch auf der Ringelspitzh\u00fctte und gestern Abend noch bei unseren Nachbarn zuhause auf ein Apero zu ihrem Einzug. Und ein gutes Buch habe ich gelesen und ein bisschen gefaulenzt. <\/p>\n\n\n\n<p>Shoppen war ich auch und habe noch ein paar Bretter bei der HeliBernina deponiert, die wir dann hier oben brauchen zum etwas basteln. Nach einem Cappuccino in Spinas zusammen mit C\u00e9lia und Henry (also er nur Wasser), sind wir dann zusammen hochgefahren zur Alp Val und hochgelaufen. Jetzt sind wir heute zu f\u00fcnft in der K\u00fcche (plus Hund), aber nachdem die ganze Woche eher sehr lahm war, l\u00e4uft heute wenigstens etwas und wir haben doch knapp 60 G\u00e4ste zum \u00dcbernachten.  <\/p>","protected":false},"excerpt":{"rendered":"<p>Sodeli, ich bin auch wieder hier \ud83d\ude42 Bei 4 N\u00e4chten im Tal kann man sich noch gut erholen und was machen. Ich war bei meinen Eltern zum Znacht, beim Coiffeur und in der Massage, zu Besuch auf der Ringelspitzh\u00fctte und<\/p>","protected":false},"author":1,"featured_media":0,"comment_status":"closed","ping_status":"closed","sticky":false,"template":"","format":"standard","meta":{"inline_featured_image":false,"footnotes":""},"categories":[1],"tags":[],"class_list":["post-6861","post","type-post","status-publish","format-standard","hentry","category-allgemein"],"_links":{"self":[{"href":"https:\/\/www.chamannajenatsch.ch\/en\/wp-json\/wp\/v2\/posts\/6861","targetHints":{"allow":["GET"]}}],"collection":[{"href":"https:\/\/www.chamannajenatsch.ch\/en\/wp-json\/wp\/v2\/posts"}],"about":[{"href":"https:\/\/www.chamannajenatsch.ch\/en\/wp-json\/wp\/v2\/types\/post"}],"author":[{"embeddable":true,"href":"https:\/\/www.chamannajenatsch.ch\/en\/wp-json\/wp\/v2\/users\/1"}],"replies":[{"embeddable":true,"href":"https:\/\/www.chamannajenatsch.ch\/en\/wp-json\/wp\/v2\/comments?post=6861"}],"version-history":[{"count":1,"href":"https:\/\/www.chamannajenatsch.ch\/en\/wp-json\/wp\/v2\/posts\/6861\/revisions"}],"predecessor-version":[{"id":6862,"href":"https:\/\/www.chamannajenatsch.ch\/en\/wp-json\/wp\/v2\/posts\/6861\/revisions\/6862"}],"wp:attachment":[{"href":"https:\/\/www.chamannajenatsch.ch\/en\/wp-json\/wp\/v2\/media?parent=6861"}],"wp:term":[{"taxonomy":"category","embeddable":true,"href":"https:\/\/www.chamannajenatsch.ch\/en\/wp-json\/wp\/v2\/categories?post=6861"},{"taxonomy":"post_tag","embeddable":true,"href":"https:\/\/www.chamannajenatsch.ch\/en\/wp-json\/wp\/v2\/tags?post=6861"}],"curies":[{"name":"wp","href":"https:\/\/api.w.org\/{rel}","templated":true}]}}