{"id":6863,"date":"2023-09-17T16:57:19","date_gmt":"2023-09-17T14:57:19","guid":{"rendered":"http:\/\/www.chamannajenatsch.ch\/?p=6863"},"modified":"2023-09-17T16:57:22","modified_gmt":"2023-09-17T14:57:22","slug":"sonntag-6","status":"publish","type":"post","link":"https:\/\/www.chamannajenatsch.ch\/en\/2023\/09\/17\/sonntag-6\/","title":{"rendered":"Sonntag"},"content":{"rendered":"<p>Heute Morgen haben wir zu F\u00fcnft ziemlich zackig den H\u00fcttenwusel gemacht und obwohl es am Morgen fr\u00fch recht neblig war, hat es dann aufgezogen und wir konnten den Kaffee draussen trinken. Brigitte hat uns dann verlassen, sie hat nun ein paar Tage frei, und da heute eh nix l\u00e4uft (4 \u00dcbernachtungsg\u00e4ste&#8230;) konnte sie bereits heute anstatt morgen ins frei. <\/p>\n\n\n\n<p>Dani und C\u00e9lia sind mit Henry zum Piz d&#8217;Agnel, dort waren die beide irgendwie noch nie und so konnten sie den Gipfel zusammen &#8222;abhaken&#8220; heute. Das Wetter ist zwar deutlich frischer als auch schon mit einigem Wind, aber es wurde dann trotzdem noch ganz sch\u00f6n.<\/p>\n\n\n\n<p>Unsere paar G\u00e4ste sind auch bereits angekommen und der Bartgeier ist auch zu Besuch vorbeigeflogen. <\/p>\n\n\n\n<p><\/p>","protected":false},"excerpt":{"rendered":"<p>Heute Morgen haben wir zu F\u00fcnft ziemlich zackig den H\u00fcttenwusel gemacht und obwohl es am Morgen fr\u00fch recht neblig war, hat es dann aufgezogen und wir konnten den Kaffee draussen trinken. Brigitte hat uns dann verlassen, sie hat nun ein<\/p>","protected":false},"author":1,"featured_media":0,"comment_status":"closed","ping_status":"closed","sticky":false,"template":"","format":"standard","meta":{"inline_featured_image":false,"footnotes":""},"categories":[1],"tags":[],"class_list":["post-6863","post","type-post","status-publish","format-standard","hentry","category-allgemein"],"_links":{"self":[{"href":"https:\/\/www.chamannajenatsch.ch\/en\/wp-json\/wp\/v2\/posts\/6863","targetHints":{"allow":["GET"]}}],"collection":[{"href":"https:\/\/www.chamannajenatsch.ch\/en\/wp-json\/wp\/v2\/posts"}],"about":[{"href":"https:\/\/www.chamannajenatsch.ch\/en\/wp-json\/wp\/v2\/types\/post"}],"author":[{"embeddable":true,"href":"https:\/\/www.chamannajenatsch.ch\/en\/wp-json\/wp\/v2\/users\/1"}],"replies":[{"embeddable":true,"href":"https:\/\/www.chamannajenatsch.ch\/en\/wp-json\/wp\/v2\/comments?post=6863"}],"version-history":[{"count":1,"href":"https:\/\/www.chamannajenatsch.ch\/en\/wp-json\/wp\/v2\/posts\/6863\/revisions"}],"predecessor-version":[{"id":6864,"href":"https:\/\/www.chamannajenatsch.ch\/en\/wp-json\/wp\/v2\/posts\/6863\/revisions\/6864"}],"wp:attachment":[{"href":"https:\/\/www.chamannajenatsch.ch\/en\/wp-json\/wp\/v2\/media?parent=6863"}],"wp:term":[{"taxonomy":"category","embeddable":true,"href":"https:\/\/www.chamannajenatsch.ch\/en\/wp-json\/wp\/v2\/categories?post=6863"},{"taxonomy":"post_tag","embeddable":true,"href":"https:\/\/www.chamannajenatsch.ch\/en\/wp-json\/wp\/v2\/tags?post=6863"}],"curies":[{"name":"wp","href":"https:\/\/api.w.org\/{rel}","templated":true}]}}