{"id":6869,"date":"2023-09-20T16:33:00","date_gmt":"2023-09-20T14:33:00","guid":{"rendered":"http:\/\/www.chamannajenatsch.ch\/?p=6869"},"modified":"2023-09-20T16:33:03","modified_gmt":"2023-09-20T14:33:03","slug":"fernseh-hund-und-so","status":"publish","type":"post","link":"https:\/\/www.chamannajenatsch.ch\/en\/2023\/09\/20\/fernseh-hund-und-so\/","title":{"rendered":"Fernseh, Hund und so"},"content":{"rendered":"<p>Gestern Abend kam der Beitrag, den Curdin gefilmt hatte im Juli im r\u00e4toromanischen Fernseh, im Telesguard. Der Beitrag ist zwar kurz, aber Curdin hat es sehr gut gemacht, so dass man einen Einblick in die K\u00fcche bekommt, in unser Konzept, die Steinb\u00f6cke sieht und auch noch ein paar sch\u00f6ne Landschaftbilder rund um die H\u00fctte. Wir sind also sehr zufrieden mit dem Ergebnis und haben auch schon ein paar positive R\u00fcckmeldungen bekommen. Wenn ihr auch schauen m\u00f6chtet, hier w\u00e4r der Link: <a href=\"https:\/\/www.rtr.ch\/play\/tv\/telesguard\/video\/telesguard-dals-19-09-2023?urn=urn:rtr:video:0939aa69-06af-42d1-a9ef-219e66d603f1\">Telesguard<\/a> vom 19. September, ab Minute 5:40 \ud83d\ude09<\/p>\n\n\n\n<p>Gestern Abend hatten wir noch G\u00e4ste mit einer Samojeden-H\u00fcndin. Schade, dass C\u00e9lia mit Henry nicht mehr hier war, Henry h\u00e4tte die Hundedame sicher gerne kennengelernt \ud83d\ude09 Alles in allem hatten wir sehr nette, liebe G\u00e4ste gestern Abend und es war eine gem\u00fctliche Runde draussen in der Stube mit vielen Unterhaltungen unter den G\u00e4sten. <\/p>\n\n\n\n<p>Heute morgen sind alle weitergezogen und gegen 9 waren wir alleine, haben den H\u00fcttenputz gemacht und gegen 10 kam jachen p\u00fcnktlich zum Kaffee. Da es draussen irgendwann ziemlich ungem\u00fctlich und windig wurde, sind wir in die K\u00fcche gezogen. Auf einmal klopft es an der K\u00fcchent\u00fcr und zwei M\u00e4nner meinen, ein Hund sitzt vor der H\u00fctte und bis dann war der Hund bereits in der H\u00fctte. Die H\u00fcndin von gestern! Die war wohl ihren Besitzern abgehauen auf dem Weg nach Spinas und ist wieder zu uns hochgekommen! Die zwei Wanderer haben dann bei uns was gegessen und Kaffee getrunken und mit einer alten Leine von Henry die H\u00fcndin dann wieder mit nach Spinas runter genommen. Wir hoffen, dass H\u00fcndin und Herrchen inzwischen wieder vereint sind \ud83d\ude09 <\/p>\n\n\n\n<p>So hatten wir noch ein bisschen Abwechslung in dem Tag heute \ud83d\ude09 Nun haben wir nur eine Handvoll G\u00e4ste heute, gekocht haben wir bereits. Nun muss nur noch jemand von uns Salatsauce machen, wenn Dani unser Salatsaucenchef nicht hier ist \ud83d\ude09<\/p>","protected":false},"excerpt":{"rendered":"<p>Gestern Abend kam der Beitrag, den Curdin gefilmt hatte im Juli im r\u00e4toromanischen Fernseh, im Telesguard. Der Beitrag ist zwar kurz, aber Curdin hat es sehr gut gemacht, so dass man einen Einblick in die K\u00fcche bekommt, in unser Konzept,<\/p>","protected":false},"author":1,"featured_media":0,"comment_status":"closed","ping_status":"closed","sticky":false,"template":"","format":"standard","meta":{"inline_featured_image":false,"footnotes":""},"categories":[1],"tags":[],"class_list":["post-6869","post","type-post","status-publish","format-standard","hentry","category-allgemein"],"_links":{"self":[{"href":"https:\/\/www.chamannajenatsch.ch\/en\/wp-json\/wp\/v2\/posts\/6869","targetHints":{"allow":["GET"]}}],"collection":[{"href":"https:\/\/www.chamannajenatsch.ch\/en\/wp-json\/wp\/v2\/posts"}],"about":[{"href":"https:\/\/www.chamannajenatsch.ch\/en\/wp-json\/wp\/v2\/types\/post"}],"author":[{"embeddable":true,"href":"https:\/\/www.chamannajenatsch.ch\/en\/wp-json\/wp\/v2\/users\/1"}],"replies":[{"embeddable":true,"href":"https:\/\/www.chamannajenatsch.ch\/en\/wp-json\/wp\/v2\/comments?post=6869"}],"version-history":[{"count":1,"href":"https:\/\/www.chamannajenatsch.ch\/en\/wp-json\/wp\/v2\/posts\/6869\/revisions"}],"predecessor-version":[{"id":6870,"href":"https:\/\/www.chamannajenatsch.ch\/en\/wp-json\/wp\/v2\/posts\/6869\/revisions\/6870"}],"wp:attachment":[{"href":"https:\/\/www.chamannajenatsch.ch\/en\/wp-json\/wp\/v2\/media?parent=6869"}],"wp:term":[{"taxonomy":"category","embeddable":true,"href":"https:\/\/www.chamannajenatsch.ch\/en\/wp-json\/wp\/v2\/categories?post=6869"},{"taxonomy":"post_tag","embeddable":true,"href":"https:\/\/www.chamannajenatsch.ch\/en\/wp-json\/wp\/v2\/tags?post=6869"}],"curies":[{"name":"wp","href":"https:\/\/api.w.org\/{rel}","templated":true}]}}