{"id":6881,"date":"2023-09-21T19:12:03","date_gmt":"2023-09-21T17:12:03","guid":{"rendered":"http:\/\/www.chamannajenatsch.ch\/?p=6881"},"modified":"2023-09-21T19:12:06","modified_gmt":"2023-09-21T17:12:06","slug":"kuechenwerkstatt","status":"publish","type":"post","link":"https:\/\/www.chamannajenatsch.ch\/en\/2023\/09\/21\/kuechenwerkstatt\/","title":{"rendered":"K\u00fcchenwerkstatt"},"content":{"rendered":"<p>Die letzten G\u00e4ste f\u00fcr diese Tage haben uns heute morgen verlassen und nach einem kurzen H\u00fcttenputz und einem langen R\u00fcckenyoga, haben wir mit unserem &#8222;Ohneg\u00e4steprogramm&#8220; angefangen. Im Schuhraum hatten wir letzten Jahr als in der Hochsaison die neuen Crocs gekommen sind nur provisorisch die neuen Gr\u00f6ssen angeschrieben. Ja und wie das so oft ist, war das jetzt nach mehr als einem Jahr immer noch das Provisorium. <\/p>\n\n\n\n<p>Dani hatte uns letzte Woche Material und Werkzeug rausgesucht, paratgelegt und uns erkl\u00e4rt wie wo was und jetzt haben wir heute in der K\u00fcche unsere Werkstatt eingerichtet. Zuerst musste das alte Provisorium weg und noch \u00e4ltere Anschriften die darunter zum Vorschein kamen, haben wir mit allen m\u00f6glichen Schw\u00e4mmli, Lumpen, B\u00fcrstli und Stahlschwamm sowie Brennsprit, Desinfektionsmittel, Scheuerstein usw. probiert zu bearbeiten. Naaajaa, wir hatten dann mal das Gef\u00fchl besoffen zu sein sobald wir in den Schuhraum kamen, aber so ganz weg ging nicht alles. <\/p>\n\n\n\n<p>Dann haben wir alles ausgemessen, Holzleisten zurechtgeschnitten mit der Stichs\u00e4ge, L\u00f6cher gebohrt, alles sch\u00f6n geschliffen und farbig bepinselt und schlussendlich die Schuhgr\u00f6ssen draufgemalt. Da bei den Crocs auch immer mehr von den kleinen Gr\u00f6ssenschildern abfallen, haben die Crocs auch allesamt einen farbigen Punkt bekommen nach Gr\u00f6sse und \u00fcbereinstimmend mit den Schildi. Dann haben wir die Schildli noch festgeschraubt und nun m\u00fcssen nur die Crocs noch wieder trocknen zum wieder einr\u00e4umen. Das Werkzeug ist bereits wieder versorgt und die K\u00fcche ist nun auch wieder eine K\u00fcche \ud83d\ude09<\/p>\n\n\n\n<p>Hoffen wir nun auf nicht allzuviel Regen, dass unsere besch\u00e4digte Wasserleitung nicht noch mehr leidet, bevor sie dann gefllickt werden kann vom letzten Unwetter. <\/p>","protected":false},"excerpt":{"rendered":"<p>Die letzten G\u00e4ste f\u00fcr diese Tage haben uns heute morgen verlassen und nach einem kurzen H\u00fcttenputz und einem langen R\u00fcckenyoga, haben wir mit unserem &#8222;Ohneg\u00e4steprogramm&#8220; angefangen. Im Schuhraum hatten wir letzten Jahr als in der Hochsaison die neuen Crocs gekommen<\/p>","protected":false},"author":1,"featured_media":0,"comment_status":"closed","ping_status":"closed","sticky":false,"template":"","format":"standard","meta":{"inline_featured_image":false,"footnotes":""},"categories":[1],"tags":[],"class_list":["post-6881","post","type-post","status-publish","format-standard","hentry","category-allgemein"],"_links":{"self":[{"href":"https:\/\/www.chamannajenatsch.ch\/en\/wp-json\/wp\/v2\/posts\/6881","targetHints":{"allow":["GET"]}}],"collection":[{"href":"https:\/\/www.chamannajenatsch.ch\/en\/wp-json\/wp\/v2\/posts"}],"about":[{"href":"https:\/\/www.chamannajenatsch.ch\/en\/wp-json\/wp\/v2\/types\/post"}],"author":[{"embeddable":true,"href":"https:\/\/www.chamannajenatsch.ch\/en\/wp-json\/wp\/v2\/users\/1"}],"replies":[{"embeddable":true,"href":"https:\/\/www.chamannajenatsch.ch\/en\/wp-json\/wp\/v2\/comments?post=6881"}],"version-history":[{"count":1,"href":"https:\/\/www.chamannajenatsch.ch\/en\/wp-json\/wp\/v2\/posts\/6881\/revisions"}],"predecessor-version":[{"id":6882,"href":"https:\/\/www.chamannajenatsch.ch\/en\/wp-json\/wp\/v2\/posts\/6881\/revisions\/6882"}],"wp:attachment":[{"href":"https:\/\/www.chamannajenatsch.ch\/en\/wp-json\/wp\/v2\/media?parent=6881"}],"wp:term":[{"taxonomy":"category","embeddable":true,"href":"https:\/\/www.chamannajenatsch.ch\/en\/wp-json\/wp\/v2\/categories?post=6881"},{"taxonomy":"post_tag","embeddable":true,"href":"https:\/\/www.chamannajenatsch.ch\/en\/wp-json\/wp\/v2\/tags?post=6881"}],"curies":[{"name":"wp","href":"https:\/\/api.w.org\/{rel}","templated":true}]}}