{"id":6884,"date":"2023-09-22T18:47:58","date_gmt":"2023-09-22T16:47:58","guid":{"rendered":"http:\/\/www.chamannajenatsch.ch\/?p=6884"},"modified":"2023-09-22T18:48:00","modified_gmt":"2023-09-22T16:48:00","slug":"regentag-mit-sauna","status":"publish","type":"post","link":"https:\/\/www.chamannajenatsch.ch\/en\/2023\/09\/22\/regentag-mit-sauna\/","title":{"rendered":"Regentag mit Sauna"},"content":{"rendered":"<p>So, das Programm von heute: Aussschlafen (bis halb neun), Zm\u00f6rgele mit heisser Schoggi, Kreditkartengeb\u00fchren zusammenstellen f\u00fcr die Buchhaltung, Kaffee trinken, E-Mail beantworten, rechnen wieviel Waren wir echt noch brauchen bis Saisonende und was\/ ob Dani morgen noch was hochbringen resp. bei der HeliBernina abladen soll, Paangescher zum Zmittag, Thermoskannen schrubben, Kaffee am Nachmittag und jetzt noch Gem\u00fcse-Piccata zum Znacht. Das unser Tag im Schnelldurchgang. Ah zwischendurch noch ganz oft Radar checken und einmal kurz nach draussen und viele Steinb\u00f6ckli beobachten. <\/p>\n\n\n\n<p>Jetzt hat Nici angefeuert und wir zwei gehen nach dem Znacht noch in die Sauna und machen uns da einen gem\u00fctlichen Abend. <\/p>\n\n\n\n<p>Das w\u00e4re noch das Resultat unser gestrigen Arbeit. Wir sind zufrieden \ud83d\ude09<\/p>\n\n\n\n<figure class=\"wp-block-image size-large\"><img fetchpriority=\"high\" decoding=\"async\" width=\"1024\" height=\"576\" src=\"http:\/\/www.chamannajenatsch.ch\/wp-content\/uploads\/2023\/09\/signal-2023-09-22-095145_002-1024x576.jpeg\" alt=\"\" class=\"wp-image-6885\" srcset=\"https:\/\/www.chamannajenatsch.ch\/wp-content\/uploads\/2023\/09\/signal-2023-09-22-095145_002-1024x576.jpeg 1024w, https:\/\/www.chamannajenatsch.ch\/wp-content\/uploads\/2023\/09\/signal-2023-09-22-095145_002-300x169.jpeg 300w, https:\/\/www.chamannajenatsch.ch\/wp-content\/uploads\/2023\/09\/signal-2023-09-22-095145_002-768x432.jpeg 768w, https:\/\/www.chamannajenatsch.ch\/wp-content\/uploads\/2023\/09\/signal-2023-09-22-095145_002-1536x864.jpeg 1536w, https:\/\/www.chamannajenatsch.ch\/wp-content\/uploads\/2023\/09\/signal-2023-09-22-095145_002-18x10.jpeg 18w, https:\/\/www.chamannajenatsch.ch\/wp-content\/uploads\/2023\/09\/signal-2023-09-22-095145_002.jpeg 2048w\" sizes=\"(max-width: 1024px) 100vw, 1024px\" \/><\/figure>","protected":false},"excerpt":{"rendered":"<p>So, das Programm von heute: Aussschlafen (bis halb neun), Zm\u00f6rgele mit heisser Schoggi, Kreditkartengeb\u00fchren zusammenstellen f\u00fcr die Buchhaltung, Kaffee trinken, E-Mail beantworten, rechnen wieviel Waren wir echt noch brauchen bis Saisonende und was\/ ob Dani morgen noch was hochbringen resp.<\/p>","protected":false},"author":1,"featured_media":0,"comment_status":"closed","ping_status":"closed","sticky":false,"template":"","format":"standard","meta":{"inline_featured_image":false,"footnotes":""},"categories":[1],"tags":[],"class_list":["post-6884","post","type-post","status-publish","format-standard","hentry","category-allgemein"],"_links":{"self":[{"href":"https:\/\/www.chamannajenatsch.ch\/en\/wp-json\/wp\/v2\/posts\/6884","targetHints":{"allow":["GET"]}}],"collection":[{"href":"https:\/\/www.chamannajenatsch.ch\/en\/wp-json\/wp\/v2\/posts"}],"about":[{"href":"https:\/\/www.chamannajenatsch.ch\/en\/wp-json\/wp\/v2\/types\/post"}],"author":[{"embeddable":true,"href":"https:\/\/www.chamannajenatsch.ch\/en\/wp-json\/wp\/v2\/users\/1"}],"replies":[{"embeddable":true,"href":"https:\/\/www.chamannajenatsch.ch\/en\/wp-json\/wp\/v2\/comments?post=6884"}],"version-history":[{"count":1,"href":"https:\/\/www.chamannajenatsch.ch\/en\/wp-json\/wp\/v2\/posts\/6884\/revisions"}],"predecessor-version":[{"id":6886,"href":"https:\/\/www.chamannajenatsch.ch\/en\/wp-json\/wp\/v2\/posts\/6884\/revisions\/6886"}],"wp:attachment":[{"href":"https:\/\/www.chamannajenatsch.ch\/en\/wp-json\/wp\/v2\/media?parent=6884"}],"wp:term":[{"taxonomy":"category","embeddable":true,"href":"https:\/\/www.chamannajenatsch.ch\/en\/wp-json\/wp\/v2\/categories?post=6884"},{"taxonomy":"post_tag","embeddable":true,"href":"https:\/\/www.chamannajenatsch.ch\/en\/wp-json\/wp\/v2\/tags?post=6884"}],"curies":[{"name":"wp","href":"https:\/\/api.w.org\/{rel}","templated":true}]}}