{"id":6925,"date":"2023-09-23T14:53:38","date_gmt":"2023-09-23T12:53:38","guid":{"rendered":"http:\/\/www.chamannajenatsch.ch\/?p=6925"},"modified":"2023-09-23T14:56:01","modified_gmt":"2023-09-23T12:56:01","slug":"ente-mit-hut-alles-gut","status":"publish","type":"post","link":"https:\/\/www.chamannajenatsch.ch\/en\/2023\/09\/23\/ente-mit-hut-alles-gut\/","title":{"rendered":"Ente mit Hut, alles gut"},"content":{"rendered":"<p>Oder so \ud83d\ude09 Nici und ich waren heute morgen auf jeden Fall etwas erstaunt als wir aufgestanden sind und nach draussen geschaut haben. Ca. 15 cm Neuschnee auf den B\u00e4nken und die Entlis im Brunnen hatten einen rechten Hut! <\/p>\n\n\n\n<p>Wir haben dann zuerst die Satellitensch\u00fcssel freigeputzt, dass wir wieder erreichbar waren und w\u00e4hrend wir gefr\u00fchst\u00fcckt haben, hat es aufgeh\u00f6rt zu schneien. Ich bin dann raus, um die Turbine wieder in Betrieb zu nehmen und Nici hat die Terasse geschaufelt. Heute zum Gl\u00fcck keine b\u00f6sen \u00dcberraschungen beim Bach hinten und es ist nicht mehr kaputt als noch vom letztem Mal. Zusammen haben wir anschliessend die Leiter aufgestellt und die Solarpanels auf dem Dach freigeputzt \ud83d\ude09 <\/p>\n\n\n\n<p>Jetzt ist auch Luigi wieder in Betrieb und wir haben den Stapel der letzten zwei Tage abgewaschen, Kuchen gebacken und das Znacht von heute Abend ist auch vorbereitet. <\/p>\n\n\n\n<p>Brigitte und Dani sind auf dem Weg hoch und dann sind wir wieder komplett. Ich gehe dann allerdings morgen auch noch f\u00fcr ein paar Tage ins Tal. Und dann sind wir schon fast parat f\u00fcr den Endspurt \ud83d\ude09<\/p>\n\n\n\n<figure class=\"wp-block-gallery has-nested-images columns-default is-cropped wp-block-gallery-1 is-layout-flex wp-block-gallery-is-layout-flex\">\n<figure class=\"wp-block-image size-large\"><img fetchpriority=\"high\" decoding=\"async\" width=\"576\" height=\"1024\" data-id=\"6928\" src=\"http:\/\/www.chamannajenatsch.ch\/wp-content\/uploads\/2023\/09\/signal-2023-09-23-084255_003-576x1024.jpeg\" alt=\"\" class=\"wp-image-6928\" srcset=\"https:\/\/www.chamannajenatsch.ch\/wp-content\/uploads\/2023\/09\/signal-2023-09-23-084255_003-576x1024.jpeg 576w, https:\/\/www.chamannajenatsch.ch\/wp-content\/uploads\/2023\/09\/signal-2023-09-23-084255_003-169x300.jpeg 169w, https:\/\/www.chamannajenatsch.ch\/wp-content\/uploads\/2023\/09\/signal-2023-09-23-084255_003-768x1365.jpeg 768w, https:\/\/www.chamannajenatsch.ch\/wp-content\/uploads\/2023\/09\/signal-2023-09-23-084255_003-864x1536.jpeg 864w, https:\/\/www.chamannajenatsch.ch\/wp-content\/uploads\/2023\/09\/signal-2023-09-23-084255_003-7x12.jpeg 7w, https:\/\/www.chamannajenatsch.ch\/wp-content\/uploads\/2023\/09\/signal-2023-09-23-084255_003.jpeg 1152w\" sizes=\"(max-width: 576px) 100vw, 576px\" \/><\/figure>\n\n\n\n<figure class=\"wp-block-image size-large\"><img decoding=\"async\" width=\"917\" height=\"1024\" data-id=\"6888\" src=\"http:\/\/www.chamannajenatsch.ch\/wp-content\/uploads\/2023\/09\/signal-2023-09-23-084255_002-e1695451723978-917x1024.jpeg\" alt=\"\" class=\"wp-image-6888\" srcset=\"https:\/\/www.chamannajenatsch.ch\/wp-content\/uploads\/2023\/09\/signal-2023-09-23-084255_002-e1695451723978-917x1024.jpeg 917w, https:\/\/www.chamannajenatsch.ch\/wp-content\/uploads\/2023\/09\/signal-2023-09-23-084255_002-e1695451723978-269x300.jpeg 269w, https:\/\/www.chamannajenatsch.ch\/wp-content\/uploads\/2023\/09\/signal-2023-09-23-084255_002-e1695451723978-768x857.jpeg 768w, https:\/\/www.chamannajenatsch.ch\/wp-content\/uploads\/2023\/09\/signal-2023-09-23-084255_002-e1695451723978-11x12.jpeg 11w, https:\/\/www.chamannajenatsch.ch\/wp-content\/uploads\/2023\/09\/signal-2023-09-23-084255_002-e1695451723978.jpeg 1152w\" sizes=\"(max-width: 917px) 100vw, 917px\" \/><\/figure>\n\n\n\n<figure class=\"wp-block-image size-large\"><img decoding=\"async\" width=\"1024\" height=\"683\" data-id=\"6900\" src=\"http:\/\/www.chamannajenatsch.ch\/wp-content\/uploads\/2023\/09\/signal-2023-09-23-112631_002-1024x683.jpeg\" alt=\"\" class=\"wp-image-6900\" srcset=\"https:\/\/www.chamannajenatsch.ch\/wp-content\/uploads\/2023\/09\/signal-2023-09-23-112631_002-1024x683.jpeg 1024w, https:\/\/www.chamannajenatsch.ch\/wp-content\/uploads\/2023\/09\/signal-2023-09-23-112631_002-300x200.jpeg 300w, https:\/\/www.chamannajenatsch.ch\/wp-content\/uploads\/2023\/09\/signal-2023-09-23-112631_002-768x512.jpeg 768w, https:\/\/www.chamannajenatsch.ch\/wp-content\/uploads\/2023\/09\/signal-2023-09-23-112631_002-1536x1024.jpeg 1536w, https:\/\/www.chamannajenatsch.ch\/wp-content\/uploads\/2023\/09\/signal-2023-09-23-112631_002-18x12.jpeg 18w, https:\/\/www.chamannajenatsch.ch\/wp-content\/uploads\/2023\/09\/signal-2023-09-23-112631_002.jpeg 2048w\" sizes=\"(max-width: 1024px) 100vw, 1024px\" \/><\/figure>\n\n\n\n<figure class=\"wp-block-image size-large\"><img loading=\"lazy\" decoding=\"async\" width=\"1024\" height=\"683\" data-id=\"6899\" src=\"http:\/\/www.chamannajenatsch.ch\/wp-content\/uploads\/2023\/09\/signal-2023-09-23-112652_002-1024x683.jpeg\" alt=\"\" class=\"wp-image-6899\" srcset=\"https:\/\/www.chamannajenatsch.ch\/wp-content\/uploads\/2023\/09\/signal-2023-09-23-112652_002-1024x683.jpeg 1024w, https:\/\/www.chamannajenatsch.ch\/wp-content\/uploads\/2023\/09\/signal-2023-09-23-112652_002-300x200.jpeg 300w, https:\/\/www.chamannajenatsch.ch\/wp-content\/uploads\/2023\/09\/signal-2023-09-23-112652_002-768x512.jpeg 768w, https:\/\/www.chamannajenatsch.ch\/wp-content\/uploads\/2023\/09\/signal-2023-09-23-112652_002-1536x1024.jpeg 1536w, https:\/\/www.chamannajenatsch.ch\/wp-content\/uploads\/2023\/09\/signal-2023-09-23-112652_002-18x12.jpeg 18w, https:\/\/www.chamannajenatsch.ch\/wp-content\/uploads\/2023\/09\/signal-2023-09-23-112652_002.jpeg 2048w\" sizes=\"(max-width: 1024px) 100vw, 1024px\" \/><figcaption class=\"wp-element-caption\">Richtung Fuorcla Suvretta<\/figcaption><\/figure>\n<\/figure>","protected":false},"excerpt":{"rendered":"<p>Oder so \ud83d\ude09 Nici und ich waren heute morgen auf jeden Fall etwas erstaunt als wir aufgestanden sind und nach draussen geschaut haben. Ca. 15 cm Neuschnee auf den B\u00e4nken und die Entlis im Brunnen hatten einen rechten Hut! Wir<\/p>","protected":false},"author":1,"featured_media":0,"comment_status":"closed","ping_status":"closed","sticky":false,"template":"","format":"standard","meta":{"inline_featured_image":false,"footnotes":""},"categories":[1],"tags":[],"class_list":["post-6925","post","type-post","status-publish","format-standard","hentry","category-allgemein"],"_links":{"self":[{"href":"https:\/\/www.chamannajenatsch.ch\/en\/wp-json\/wp\/v2\/posts\/6925","targetHints":{"allow":["GET"]}}],"collection":[{"href":"https:\/\/www.chamannajenatsch.ch\/en\/wp-json\/wp\/v2\/posts"}],"about":[{"href":"https:\/\/www.chamannajenatsch.ch\/en\/wp-json\/wp\/v2\/types\/post"}],"author":[{"embeddable":true,"href":"https:\/\/www.chamannajenatsch.ch\/en\/wp-json\/wp\/v2\/users\/1"}],"replies":[{"embeddable":true,"href":"https:\/\/www.chamannajenatsch.ch\/en\/wp-json\/wp\/v2\/comments?post=6925"}],"version-history":[{"count":3,"href":"https:\/\/www.chamannajenatsch.ch\/en\/wp-json\/wp\/v2\/posts\/6925\/revisions"}],"predecessor-version":[{"id":6930,"href":"https:\/\/www.chamannajenatsch.ch\/en\/wp-json\/wp\/v2\/posts\/6925\/revisions\/6930"}],"wp:attachment":[{"href":"https:\/\/www.chamannajenatsch.ch\/en\/wp-json\/wp\/v2\/media?parent=6925"}],"wp:term":[{"taxonomy":"category","embeddable":true,"href":"https:\/\/www.chamannajenatsch.ch\/en\/wp-json\/wp\/v2\/categories?post=6925"},{"taxonomy":"post_tag","embeddable":true,"href":"https:\/\/www.chamannajenatsch.ch\/en\/wp-json\/wp\/v2\/tags?post=6925"}],"curies":[{"name":"wp","href":"https:\/\/api.w.org\/{rel}","templated":true}]}}