{"id":6953,"date":"2023-09-24T23:05:29","date_gmt":"2023-09-24T21:05:29","guid":{"rendered":"http:\/\/www.chamannajenatsch.ch\/?p=6953"},"modified":"2023-09-24T23:05:31","modified_gmt":"2023-09-24T21:05:31","slug":"schoenwettertouristen","status":"publish","type":"post","link":"https:\/\/www.chamannajenatsch.ch\/en\/2023\/09\/24\/schoenwettertouristen\/","title":{"rendered":"Sch\u00f6nwettertouristen"},"content":{"rendered":"<p>Kaum ist es etwas k\u00fchler und der Schnee von den S\u00fcdh\u00e4ngen weggeschmolzen, sind sie wieder da. Die Sch\u00f6nwettertouristen. Die mit dem Fell und den grossen H\u00f6rnern \ud83d\ude09 Den ganzen Nachmittag haben sie sich am Hang gegen\u00fcber der H\u00fctte gesonnt und gem\u00fctlich Gras gefressen. Wir haben es ihnen kurz nachgemacht, zumindest das mit dem Sonnen. Dazu gabs Kaffee und Schoggi. Kaum war der Kaffee ausgetrunken, standen dann aber zwei Tagesg\u00e4ste da und wollten R\u00f6sti. Es blieben die einzigen zwei f\u00fcr heute (sowohl Tagesg\u00e4ste als auch R\u00f6stis). Die ersten \u00dcbernachtungsg\u00e4ste haben dann nicht mehr lange auf sich warten lassen und f\u00fcr uns weiter die Steinb\u00f6cke beobachtet. Der Abend war dann gem\u00fctlich mit den wenigen G\u00e4sten. Trotz des sch\u00f6nen Wetters und perfekten Wanderbedingungen sind die n\u00e4chsten Tage nicht viele G\u00e4ste angemeldet. Deshalb ist Jill heute nochmals ins Tal abgestiegen und kommt voraussichtlich am Mittwoch wieder hoch zu uns f\u00fcr den Endspurt der Sommersaison. Auf ihrem Heimweg hat sie einen Zwischenstopp eingelegt und unsere Nachbarn auf der Es-Cha besucht \ud83d\ude42<\/p>\n\n\n\n<p>So, es ist schon wieder sp\u00e4t und wir gehen langsam in die Heia. <\/p>\n\n\n\n<figure class=\"wp-block-image size-large\"><img fetchpriority=\"high\" decoding=\"async\" width=\"1024\" height=\"683\" src=\"http:\/\/www.chamannajenatsch.ch\/wp-content\/uploads\/2023\/09\/DSC00036-1024x683.jpg\" alt=\"\" class=\"wp-image-6954\" srcset=\"https:\/\/www.chamannajenatsch.ch\/wp-content\/uploads\/2023\/09\/DSC00036-1024x683.jpg 1024w, https:\/\/www.chamannajenatsch.ch\/wp-content\/uploads\/2023\/09\/DSC00036-300x200.jpg 300w, https:\/\/www.chamannajenatsch.ch\/wp-content\/uploads\/2023\/09\/DSC00036-768x512.jpg 768w, https:\/\/www.chamannajenatsch.ch\/wp-content\/uploads\/2023\/09\/DSC00036-1536x1024.jpg 1536w, https:\/\/www.chamannajenatsch.ch\/wp-content\/uploads\/2023\/09\/DSC00036-18x12.jpg 18w, https:\/\/www.chamannajenatsch.ch\/wp-content\/uploads\/2023\/09\/DSC00036.jpg 1563w\" sizes=\"(max-width: 1024px) 100vw, 1024px\" \/><\/figure>","protected":false},"excerpt":{"rendered":"<p>Kaum ist es etwas k\u00fchler und der Schnee von den S\u00fcdh\u00e4ngen weggeschmolzen, sind sie wieder da. Die Sch\u00f6nwettertouristen. Die mit dem Fell und den grossen H\u00f6rnern \ud83d\ude09 Den ganzen Nachmittag haben sie sich am Hang gegen\u00fcber der H\u00fctte gesonnt und<\/p>","protected":false},"author":1,"featured_media":0,"comment_status":"closed","ping_status":"closed","sticky":false,"template":"","format":"standard","meta":{"inline_featured_image":false,"footnotes":""},"categories":[1],"tags":[],"class_list":["post-6953","post","type-post","status-publish","format-standard","hentry","category-allgemein"],"_links":{"self":[{"href":"https:\/\/www.chamannajenatsch.ch\/en\/wp-json\/wp\/v2\/posts\/6953","targetHints":{"allow":["GET"]}}],"collection":[{"href":"https:\/\/www.chamannajenatsch.ch\/en\/wp-json\/wp\/v2\/posts"}],"about":[{"href":"https:\/\/www.chamannajenatsch.ch\/en\/wp-json\/wp\/v2\/types\/post"}],"author":[{"embeddable":true,"href":"https:\/\/www.chamannajenatsch.ch\/en\/wp-json\/wp\/v2\/users\/1"}],"replies":[{"embeddable":true,"href":"https:\/\/www.chamannajenatsch.ch\/en\/wp-json\/wp\/v2\/comments?post=6953"}],"version-history":[{"count":1,"href":"https:\/\/www.chamannajenatsch.ch\/en\/wp-json\/wp\/v2\/posts\/6953\/revisions"}],"predecessor-version":[{"id":6955,"href":"https:\/\/www.chamannajenatsch.ch\/en\/wp-json\/wp\/v2\/posts\/6953\/revisions\/6955"}],"wp:attachment":[{"href":"https:\/\/www.chamannajenatsch.ch\/en\/wp-json\/wp\/v2\/media?parent=6953"}],"wp:term":[{"taxonomy":"category","embeddable":true,"href":"https:\/\/www.chamannajenatsch.ch\/en\/wp-json\/wp\/v2\/categories?post=6953"},{"taxonomy":"post_tag","embeddable":true,"href":"https:\/\/www.chamannajenatsch.ch\/en\/wp-json\/wp\/v2\/tags?post=6953"}],"curies":[{"name":"wp","href":"https:\/\/api.w.org\/{rel}","templated":true}]}}