{"id":6958,"date":"2023-09-27T15:30:19","date_gmt":"2023-09-27T13:30:19","guid":{"rendered":"http:\/\/www.chamannajenatsch.ch\/?p=6958"},"modified":"2023-09-27T15:35:04","modified_gmt":"2023-09-27T13:35:04","slug":"retour","status":"publish","type":"post","link":"https:\/\/www.chamannajenatsch.ch\/en\/2023\/09\/27\/retour\/","title":{"rendered":"Retour"},"content":{"rendered":"<p>Sodeli, ich bin auch wieder zur\u00fcck. Es ist soo sch\u00f6n jetzt bei dem Herbstwetter mit den Farben unten und dem Schnee oben \ud83d\ude42<\/p>\n\n\n\n<p>Hier oben war ja einiges los w\u00e4hrend ich nicht da war \ud83d\ude09 G\u00e4ste sind aber trotz des sch\u00f6nes Wetters nicht allzuviel unterwegs. Aber da es sonst ja noch viel da und dort zu tun gibt, wird uns trotzdem nicht langweilig. Brigitte hatte heute noch ein bisschen frei und war auf der Tschima da Flix mit Blick auf tausend Gipfel! <\/p>\n\n\n\n<p>Unser Auto steht jetzt nicht mehr bei der Alp Val, sondern ein bisschen weiter unten bei der Alp Suvretta. Das letzte St\u00fcck zu der Alp Val ist n\u00e4mlich recht steil und wenns da Schnee hat, ist das Auto auf einmal eingeschneit \u00fcber den Winter. Aber da ich Jachen begegnet habe in Spinas, hat er mich das St\u00fcck zwischen Alp Suvretta und Alp Val mitgenommen \ud83d\ude42<\/p>","protected":false},"excerpt":{"rendered":"<p>Sodeli, ich bin auch wieder zur\u00fcck. Es ist soo sch\u00f6n jetzt bei dem Herbstwetter mit den Farben unten und dem Schnee oben \ud83d\ude42 Hier oben war ja einiges los w\u00e4hrend ich nicht da war \ud83d\ude09 G\u00e4ste sind aber trotz des<\/p>","protected":false},"author":1,"featured_media":0,"comment_status":"closed","ping_status":"closed","sticky":false,"template":"","format":"standard","meta":{"inline_featured_image":false,"footnotes":""},"categories":[1],"tags":[],"class_list":["post-6958","post","type-post","status-publish","format-standard","hentry","category-allgemein"],"_links":{"self":[{"href":"https:\/\/www.chamannajenatsch.ch\/en\/wp-json\/wp\/v2\/posts\/6958","targetHints":{"allow":["GET"]}}],"collection":[{"href":"https:\/\/www.chamannajenatsch.ch\/en\/wp-json\/wp\/v2\/posts"}],"about":[{"href":"https:\/\/www.chamannajenatsch.ch\/en\/wp-json\/wp\/v2\/types\/post"}],"author":[{"embeddable":true,"href":"https:\/\/www.chamannajenatsch.ch\/en\/wp-json\/wp\/v2\/users\/1"}],"replies":[{"embeddable":true,"href":"https:\/\/www.chamannajenatsch.ch\/en\/wp-json\/wp\/v2\/comments?post=6958"}],"version-history":[{"count":2,"href":"https:\/\/www.chamannajenatsch.ch\/en\/wp-json\/wp\/v2\/posts\/6958\/revisions"}],"predecessor-version":[{"id":6961,"href":"https:\/\/www.chamannajenatsch.ch\/en\/wp-json\/wp\/v2\/posts\/6958\/revisions\/6961"}],"wp:attachment":[{"href":"https:\/\/www.chamannajenatsch.ch\/en\/wp-json\/wp\/v2\/media?parent=6958"}],"wp:term":[{"taxonomy":"category","embeddable":true,"href":"https:\/\/www.chamannajenatsch.ch\/en\/wp-json\/wp\/v2\/categories?post=6958"},{"taxonomy":"post_tag","embeddable":true,"href":"https:\/\/www.chamannajenatsch.ch\/en\/wp-json\/wp\/v2\/tags?post=6958"}],"curies":[{"name":"wp","href":"https:\/\/api.w.org\/{rel}","templated":true}]}}