{"id":6969,"date":"2023-09-29T21:30:56","date_gmt":"2023-09-29T19:30:56","guid":{"rendered":"http:\/\/www.chamannajenatsch.ch\/?p=6969"},"modified":"2023-09-29T21:30:58","modified_gmt":"2023-09-29T19:30:58","slug":"senor-suvretta-mister-margun","status":"publish","type":"post","link":"https:\/\/www.chamannajenatsch.ch\/en\/2023\/09\/29\/senor-suvretta-mister-margun\/","title":{"rendered":"Se\u00f1or Suvretta &#038; Mister Margun"},"content":{"rendered":"<p>Dani und ich hatten heute frei und haben eine ganz sch\u00f6n grosse Runde gemacht. Ja, es war vielleicht ein bisschen gr\u00f6sser am Ende als gedacht. Wir sind am Morgen zur Fuorcla Suvretta hoch und sind dann immer dem Grat nach, beim Se\u00f1or Suvretta vorbei, \u00fcber den Corn Suvretta und den Corn Margun zur Fuorcla Margun und zum Mister Margun. Von dort aus, dann nicht mehr dem Grat entlang sonder durch ziemlich viel Ger\u00f6ll aller Arten zum Ostgipfel des Piz Surgonda. Und von dort auch wieder dem Grat nach zum Westgipfel und runter zur Fuorcla d&#8217;Agnel. Die Option, der Skitourenroute nach auf den Gletscher abzusteigen, gefiel und bei dem noch weiteren Gletscherr\u00fcckgang leider gar nicht und so sind wir dem Grat nach weiter. Wir wussten ja nur, dass die Bergf\u00fchreraspiranten dies ab und zu machen. F\u00fcr die v<\/p>\n\n\n\n<p>ermutlich easy, war es f\u00fcr uns dann doch eher etwas ausgesetzt und mit dem ja nicht sooo stabilen Fels waren wir froh, dass wir das Seil mitgenommen hatten und ein bisschen sichern konnten. Wir sind also ziemlich sp\u00e4t, durstig und hungrig wieder zur\u00fcckgekommen zur H\u00fctte \ud83d\ude09<\/p>\n\n\n\n<p>Nici und Brigitte haben unterdessen den H\u00fcttenputz gemach und noch einige Tagesg\u00e4ste bewirtet, unter anderem 3 Biker, die motiviert durch die Schneereste an der Fuorcla d&#8217;Agnel gefahren sind. <\/p>\n\n\n\n<p>Jetzt sind alle m\u00fcde und wir freuen uns aufs Bett, morgen gibts n\u00e4mlich nochmals Fullhouse. <\/p>\n\n\n\n<figure class=\"wp-block-gallery has-nested-images columns-default is-cropped wp-block-gallery-1 is-layout-flex wp-block-gallery-is-layout-flex\">\n<figure class=\"wp-block-image size-large\"><img fetchpriority=\"high\" decoding=\"async\" width=\"576\" height=\"1024\" data-id=\"6972\" src=\"http:\/\/www.chamannajenatsch.ch\/wp-content\/uploads\/2023\/09\/signal-2023-09-29-212932_002-1-576x1024.jpeg\" alt=\"\" class=\"wp-image-6972\" srcset=\"https:\/\/www.chamannajenatsch.ch\/wp-content\/uploads\/2023\/09\/signal-2023-09-29-212932_002-1-576x1024.jpeg 576w, https:\/\/www.chamannajenatsch.ch\/wp-content\/uploads\/2023\/09\/signal-2023-09-29-212932_002-1-169x300.jpeg 169w, https:\/\/www.chamannajenatsch.ch\/wp-content\/uploads\/2023\/09\/signal-2023-09-29-212932_002-1-768x1365.jpeg 768w, https:\/\/www.chamannajenatsch.ch\/wp-content\/uploads\/2023\/09\/signal-2023-09-29-212932_002-1-864x1536.jpeg 864w, https:\/\/www.chamannajenatsch.ch\/wp-content\/uploads\/2023\/09\/signal-2023-09-29-212932_002-1-7x12.jpeg 7w, https:\/\/www.chamannajenatsch.ch\/wp-content\/uploads\/2023\/09\/signal-2023-09-29-212932_002-1.jpeg 1152w\" sizes=\"(max-width: 576px) 100vw, 576px\" \/><\/figure>\n\n\n\n<figure class=\"wp-block-image size-large\"><img decoding=\"async\" width=\"576\" height=\"1024\" data-id=\"6971\" src=\"http:\/\/www.chamannajenatsch.ch\/wp-content\/uploads\/2023\/09\/signal-2023-09-29-212919_002-576x1024.jpeg\" alt=\"\" class=\"wp-image-6971\" srcset=\"https:\/\/www.chamannajenatsch.ch\/wp-content\/uploads\/2023\/09\/signal-2023-09-29-212919_002-576x1024.jpeg 576w, https:\/\/www.chamannajenatsch.ch\/wp-content\/uploads\/2023\/09\/signal-2023-09-29-212919_002-169x300.jpeg 169w, https:\/\/www.chamannajenatsch.ch\/wp-content\/uploads\/2023\/09\/signal-2023-09-29-212919_002-768x1365.jpeg 768w, https:\/\/www.chamannajenatsch.ch\/wp-content\/uploads\/2023\/09\/signal-2023-09-29-212919_002-864x1536.jpeg 864w, https:\/\/www.chamannajenatsch.ch\/wp-content\/uploads\/2023\/09\/signal-2023-09-29-212919_002-7x12.jpeg 7w, https:\/\/www.chamannajenatsch.ch\/wp-content\/uploads\/2023\/09\/signal-2023-09-29-212919_002.jpeg 1152w\" sizes=\"(max-width: 576px) 100vw, 576px\" \/><\/figure>\n<\/figure>","protected":false},"excerpt":{"rendered":"<p>Dani und ich hatten heute frei und haben eine ganz sch\u00f6n grosse Runde gemacht. Ja, es war vielleicht ein bisschen gr\u00f6sser am Ende als gedacht. Wir sind am Morgen zur Fuorcla Suvretta hoch und sind dann immer dem Grat nach,<\/p>","protected":false},"author":1,"featured_media":0,"comment_status":"closed","ping_status":"closed","sticky":false,"template":"","format":"standard","meta":{"inline_featured_image":false,"footnotes":""},"categories":[1],"tags":[],"class_list":["post-6969","post","type-post","status-publish","format-standard","hentry","category-allgemein"],"_links":{"self":[{"href":"https:\/\/www.chamannajenatsch.ch\/en\/wp-json\/wp\/v2\/posts\/6969","targetHints":{"allow":["GET"]}}],"collection":[{"href":"https:\/\/www.chamannajenatsch.ch\/en\/wp-json\/wp\/v2\/posts"}],"about":[{"href":"https:\/\/www.chamannajenatsch.ch\/en\/wp-json\/wp\/v2\/types\/post"}],"author":[{"embeddable":true,"href":"https:\/\/www.chamannajenatsch.ch\/en\/wp-json\/wp\/v2\/users\/1"}],"replies":[{"embeddable":true,"href":"https:\/\/www.chamannajenatsch.ch\/en\/wp-json\/wp\/v2\/comments?post=6969"}],"version-history":[{"count":1,"href":"https:\/\/www.chamannajenatsch.ch\/en\/wp-json\/wp\/v2\/posts\/6969\/revisions"}],"predecessor-version":[{"id":6973,"href":"https:\/\/www.chamannajenatsch.ch\/en\/wp-json\/wp\/v2\/posts\/6969\/revisions\/6973"}],"wp:attachment":[{"href":"https:\/\/www.chamannajenatsch.ch\/en\/wp-json\/wp\/v2\/media?parent=6969"}],"wp:term":[{"taxonomy":"category","embeddable":true,"href":"https:\/\/www.chamannajenatsch.ch\/en\/wp-json\/wp\/v2\/categories?post=6969"},{"taxonomy":"post_tag","embeddable":true,"href":"https:\/\/www.chamannajenatsch.ch\/en\/wp-json\/wp\/v2\/tags?post=6969"}],"curies":[{"name":"wp","href":"https:\/\/api.w.org\/{rel}","templated":true}]}}