{"id":6993,"date":"2023-10-01T16:12:09","date_gmt":"2023-10-01T14:12:09","guid":{"rendered":"http:\/\/www.chamannajenatsch.ch\/?p=6993"},"modified":"2023-10-01T16:12:25","modified_gmt":"2023-10-01T14:12:25","slug":"mucho-tagesgaeste","status":"publish","type":"post","link":"https:\/\/www.chamannajenatsch.ch\/en\/2023\/10\/01\/mucho-tagesgaeste\/","title":{"rendered":"Mucho Tagesg\u00e4ste"},"content":{"rendered":"<p>Hoppla, wir denken fast, es w\u00e4re Juli! So viele Tagesg\u00e4ste wie diese Tage haben wir selten. Das Wetter ist nat\u00fcrlich auch der Hammer! Das ist einerseits zwar mega cool, anderseits ist unser Keller ja langsam ziemlich leer, und es ist so eine Sache, weil mit jeder R\u00f6sti und jedem Spiegelei mehr, gibt es nat\u00fcrlich ein paar Kartoffeln und Eier weniger im Keller \ud83d\ude09<\/p>\n\n\n\n<p>Auch \u00dcbernachtungsg\u00e4ste haben wir heute und Morgen \u00fcber 25, das ist super, dass jetzt zum Ferienstart doch noch so viele zu uns kommen. Und beim Nachtessen ist es auch einfacher zu planen mit den Zutaten, die man im Keller hat \ud83d\ude09<\/p>\n\n\n\n<p>Ihr denkt euch wahrscheinlich, warum, gehen sie dann nicht einkaufen? Aber so einfach ist es nat\u00fcrlich nicht hier oben. Bei einem halbvoller Helikopter ist dann der Transportpreis der Lebensmittel direkt doppelt so teuer als wenn der Helikopter ausgelastet ist. In der letzten Woche wollen wir dann zwar sowieso nochmals fliegen, da wir auch noch Material f\u00fcr Silvester brauchen. Aber wir wollen dies so lange wie m\u00f6glich rausz\u00f6gern, da wir auch Privatsachen ins Tal fliegen mit dem letzten Heli und nat\u00fcrlich unsere pers\u00f6nlichen Sachen so lange wie m\u00f6glich hier haben wollen \ud83d\ude09 <\/p>\n\n\n\n<p>Nici, Luis und Angi haben heute morgen beim H\u00fcttenputz geholfen, zu sechst waren wir dann nat\u00fcrlich mega schnell trotz voller H\u00fctte gestern, und sind dann noch zu einem T\u00fc\u00fcrli aufgebrochen. Auf dem Piz Laviner war noch niemand von ihnen und so konnten sie das zusammen machen. Morgen verlassen uns die drei dann wieder und machen noch eine Woche Urlaub zusammen. Nici, tausend Dank wieder mal f\u00fcr deinen Einsatz :-* <br>Brigitte ist gl\u00fccklicherweise flexibel, schiebt ihre Freitage um einen Tag und bleibt morgen bei uns und geht dann erst am Dienstag nochmals f\u00fcr ein paar Tage ins Tal vor dem letzten Endspurt dann. <\/p>","protected":false},"excerpt":{"rendered":"<p>Hoppla, wir denken fast, es w\u00e4re Juli! So viele Tagesg\u00e4ste wie diese Tage haben wir selten. Das Wetter ist nat\u00fcrlich auch der Hammer! Das ist einerseits zwar mega cool, anderseits ist unser Keller ja langsam ziemlich leer, und es ist<\/p>","protected":false},"author":1,"featured_media":0,"comment_status":"closed","ping_status":"closed","sticky":false,"template":"","format":"standard","meta":{"inline_featured_image":false,"footnotes":""},"categories":[1],"tags":[],"class_list":["post-6993","post","type-post","status-publish","format-standard","hentry","category-allgemein"],"_links":{"self":[{"href":"https:\/\/www.chamannajenatsch.ch\/en\/wp-json\/wp\/v2\/posts\/6993","targetHints":{"allow":["GET"]}}],"collection":[{"href":"https:\/\/www.chamannajenatsch.ch\/en\/wp-json\/wp\/v2\/posts"}],"about":[{"href":"https:\/\/www.chamannajenatsch.ch\/en\/wp-json\/wp\/v2\/types\/post"}],"author":[{"embeddable":true,"href":"https:\/\/www.chamannajenatsch.ch\/en\/wp-json\/wp\/v2\/users\/1"}],"replies":[{"embeddable":true,"href":"https:\/\/www.chamannajenatsch.ch\/en\/wp-json\/wp\/v2\/comments?post=6993"}],"version-history":[{"count":1,"href":"https:\/\/www.chamannajenatsch.ch\/en\/wp-json\/wp\/v2\/posts\/6993\/revisions"}],"predecessor-version":[{"id":6994,"href":"https:\/\/www.chamannajenatsch.ch\/en\/wp-json\/wp\/v2\/posts\/6993\/revisions\/6994"}],"wp:attachment":[{"href":"https:\/\/www.chamannajenatsch.ch\/en\/wp-json\/wp\/v2\/media?parent=6993"}],"wp:term":[{"taxonomy":"category","embeddable":true,"href":"https:\/\/www.chamannajenatsch.ch\/en\/wp-json\/wp\/v2\/categories?post=6993"},{"taxonomy":"post_tag","embeddable":true,"href":"https:\/\/www.chamannajenatsch.ch\/en\/wp-json\/wp\/v2\/tags?post=6993"}],"curies":[{"name":"wp","href":"https:\/\/api.w.org\/{rel}","templated":true}]}}