{"id":6995,"date":"2023-10-02T17:03:14","date_gmt":"2023-10-02T15:03:14","guid":{"rendered":"http:\/\/www.chamannajenatsch.ch\/?p=6995"},"modified":"2023-10-02T17:03:16","modified_gmt":"2023-10-02T15:03:16","slug":"sommer-im-oktober","status":"publish","type":"post","link":"https:\/\/www.chamannajenatsch.ch\/en\/2023\/10\/02\/sommer-im-oktober\/","title":{"rendered":"Sommer im Oktober"},"content":{"rendered":"<p>Heute Morgen waren wir alle ein bisschen faul. Nici, Luis und Angi hatten nicht wirklich Lust uns zu verlassen und so sassen wir gem\u00fctlich und etwas l\u00e4nger beim Fr\u00fchst\u00fcck und nachher gem\u00fctlich und noch l\u00e4nger beim Kaffee. Also eigentlich war schon fast Zmittagzeit, also die drei dann losgezogen sind. Heute war es auch deutlich ruhiger mit Tagesg\u00e4sten, so dass wir die Zeit noch zusammen an der Sonne geniessen konnten. Es ist warm wie Mitte Sommer und nicht wie Anfang Oktober! Und habt ihrs gelesen, gestern war es so komisch neblig, dunstig, das war Rauch von den Waldbr\u00e4nden aus Kanada. Verr\u00fcckt oder? <\/p>\n\n\n\n<p>Heute haben wir noch von dem sch\u00f6nen Wetter profitiert und ein Lager abgezogen und gewaschen, dass dies dann wieder frisch ist f\u00fcr den Winter. Jetzt m\u00fcssen die heutigen G\u00e4ste einfach etwas mehr zusammenrutschen, aber es ist ja nicht voll, also hat es genug Platz f\u00fcr alle mit auch nat\u00fcrlich noch ein bisschen Abstand dazwischen. <\/p>\n\n\n\n<p>Eine neue Ladung R\u00f6stzwiebeln ist auch im Backofen. Die werden nachher in Gl\u00e4ser gef\u00fcllt und dann haben wir einen Vorrat f\u00fcr die \u00c4lpler im Winter. <\/p>\n\n\n\n<p>So, jetzt kommen langsam die G\u00e4ste an, fast 30 sind es heute nochmals \ud83d\ude42<\/p>","protected":false},"excerpt":{"rendered":"<p>Heute Morgen waren wir alle ein bisschen faul. Nici, Luis und Angi hatten nicht wirklich Lust uns zu verlassen und so sassen wir gem\u00fctlich und etwas l\u00e4nger beim Fr\u00fchst\u00fcck und nachher gem\u00fctlich und noch l\u00e4nger beim Kaffee. Also eigentlich war<\/p>","protected":false},"author":1,"featured_media":0,"comment_status":"closed","ping_status":"closed","sticky":false,"template":"","format":"standard","meta":{"inline_featured_image":false,"footnotes":""},"categories":[1],"tags":[],"class_list":["post-6995","post","type-post","status-publish","format-standard","hentry","category-allgemein"],"_links":{"self":[{"href":"https:\/\/www.chamannajenatsch.ch\/en\/wp-json\/wp\/v2\/posts\/6995","targetHints":{"allow":["GET"]}}],"collection":[{"href":"https:\/\/www.chamannajenatsch.ch\/en\/wp-json\/wp\/v2\/posts"}],"about":[{"href":"https:\/\/www.chamannajenatsch.ch\/en\/wp-json\/wp\/v2\/types\/post"}],"author":[{"embeddable":true,"href":"https:\/\/www.chamannajenatsch.ch\/en\/wp-json\/wp\/v2\/users\/1"}],"replies":[{"embeddable":true,"href":"https:\/\/www.chamannajenatsch.ch\/en\/wp-json\/wp\/v2\/comments?post=6995"}],"version-history":[{"count":1,"href":"https:\/\/www.chamannajenatsch.ch\/en\/wp-json\/wp\/v2\/posts\/6995\/revisions"}],"predecessor-version":[{"id":6996,"href":"https:\/\/www.chamannajenatsch.ch\/en\/wp-json\/wp\/v2\/posts\/6995\/revisions\/6996"}],"wp:attachment":[{"href":"https:\/\/www.chamannajenatsch.ch\/en\/wp-json\/wp\/v2\/media?parent=6995"}],"wp:term":[{"taxonomy":"category","embeddable":true,"href":"https:\/\/www.chamannajenatsch.ch\/en\/wp-json\/wp\/v2\/categories?post=6995"},{"taxonomy":"post_tag","embeddable":true,"href":"https:\/\/www.chamannajenatsch.ch\/en\/wp-json\/wp\/v2\/tags?post=6995"}],"curies":[{"name":"wp","href":"https:\/\/api.w.org\/{rel}","templated":true}]}}