{"id":6997,"date":"2023-10-04T20:58:55","date_gmt":"2023-10-04T18:58:55","guid":{"rendered":"http:\/\/www.chamannajenatsch.ch\/?p=6997"},"modified":"2023-10-04T20:58:59","modified_gmt":"2023-10-04T18:58:59","slug":"steinbockjagd-3","status":"publish","type":"post","link":"https:\/\/www.chamannajenatsch.ch\/en\/2023\/10\/04\/steinbockjagd-3\/","title":{"rendered":"Steinbockjagd"},"content":{"rendered":"<p>So, es geht wieder los. Achtung liebe B\u00f6cklis, Kopf einziehen. Wobei die B\u00f6cklis haben noch nicht gecheckt, dass die Jagd losgeht, heute standen sie noch auf dem Wanderweg gegen\u00fcber der H\u00fctte. Aber es waren grosse B\u00f6cke und unser J\u00e4ger ist noch j\u00fcnger und darf entsprechend auch einen jungen Bock schiessen. Nat\u00fcrlich fiebern wir wie immer sowohl mit den Steinb\u00f6cken als auch mit den J\u00e4gern mit, die heute bei uns eingetroffen sind und ein paar Tage unsere G\u00e4ste sein werden. Es ist eben auch spannend und wir freuen uns immer auf die Jagdzeit. <\/p>\n\n\n\n<p>Heute war auch abseits der Jagd ein typisches Herbsttag \u00e0 la Jenatsch. Das heisst, etwas k\u00fchlere Luft, Sonnenschein, ein sch\u00f6nes klares Licht, und tags\u00fcber nicht viel los. Dani konnte also unseren Wasserhahn im Privatbadezimmer wechseln, die Kiste vom Modem anpassen, dass es besser l\u00fcftet. Und ich habe Rechnungen bezahlt und ein bisschen Buchhaltung gemacht. <\/p>","protected":false},"excerpt":{"rendered":"<p>So, es geht wieder los. Achtung liebe B\u00f6cklis, Kopf einziehen. Wobei die B\u00f6cklis haben noch nicht gecheckt, dass die Jagd losgeht, heute standen sie noch auf dem Wanderweg gegen\u00fcber der H\u00fctte. Aber es waren grosse B\u00f6cke und unser J\u00e4ger ist<\/p>","protected":false},"author":1,"featured_media":0,"comment_status":"closed","ping_status":"closed","sticky":false,"template":"","format":"standard","meta":{"inline_featured_image":false,"footnotes":""},"categories":[1],"tags":[],"class_list":["post-6997","post","type-post","status-publish","format-standard","hentry","category-allgemein"],"_links":{"self":[{"href":"https:\/\/www.chamannajenatsch.ch\/en\/wp-json\/wp\/v2\/posts\/6997","targetHints":{"allow":["GET"]}}],"collection":[{"href":"https:\/\/www.chamannajenatsch.ch\/en\/wp-json\/wp\/v2\/posts"}],"about":[{"href":"https:\/\/www.chamannajenatsch.ch\/en\/wp-json\/wp\/v2\/types\/post"}],"author":[{"embeddable":true,"href":"https:\/\/www.chamannajenatsch.ch\/en\/wp-json\/wp\/v2\/users\/1"}],"replies":[{"embeddable":true,"href":"https:\/\/www.chamannajenatsch.ch\/en\/wp-json\/wp\/v2\/comments?post=6997"}],"version-history":[{"count":1,"href":"https:\/\/www.chamannajenatsch.ch\/en\/wp-json\/wp\/v2\/posts\/6997\/revisions"}],"predecessor-version":[{"id":6998,"href":"https:\/\/www.chamannajenatsch.ch\/en\/wp-json\/wp\/v2\/posts\/6997\/revisions\/6998"}],"wp:attachment":[{"href":"https:\/\/www.chamannajenatsch.ch\/en\/wp-json\/wp\/v2\/media?parent=6997"}],"wp:term":[{"taxonomy":"category","embeddable":true,"href":"https:\/\/www.chamannajenatsch.ch\/en\/wp-json\/wp\/v2\/categories?post=6997"},{"taxonomy":"post_tag","embeddable":true,"href":"https:\/\/www.chamannajenatsch.ch\/en\/wp-json\/wp\/v2\/tags?post=6997"}],"curies":[{"name":"wp","href":"https:\/\/api.w.org\/{rel}","templated":true}]}}