{"id":7049,"date":"2023-10-12T16:52:47","date_gmt":"2023-10-12T14:52:47","guid":{"rendered":"http:\/\/www.chamannajenatsch.ch\/?p=7049"},"modified":"2023-10-12T16:52:49","modified_gmt":"2023-10-12T14:52:49","slug":"der-letzte-heli-und-sonstiger-besuch","status":"publish","type":"post","link":"https:\/\/www.chamannajenatsch.ch\/en\/2023\/10\/12\/der-letzte-heli-und-sonstiger-besuch\/","title":{"rendered":"Der letzte Heli und sonstiger Besuch"},"content":{"rendered":"<p>Heute haben wir eine grosse Ladung Retouren ins Tal geflogen, Abfalls\u00e4cke, Pet, leere Gasflaschen und Harassen. Und eine Menge Nachschub f\u00fcr Silvester ist in den Keller gewandert. Getr\u00e4nke und einige haltbare Lebensmittel haben wir jetzt schon hochgeflogen f\u00fcr den Winter. Da der Heli am Nachmittag gekommen ist, hatten wir ein paar fleissige G\u00e4stehelfer und somit war das ganze schnell erledigt. <\/p>\n\n\n\n<p>Besuch hatten wir heute auch noch, am Morgen von Thomas, hat uns sehr gefreut, dass er zum Saisonschluss nochmals hochgekommen ist \ud83d\ude42 Und Julia ist noch auf den letzten Moment hochgekommen um sich f\u00fcr die Wintersaison vorzustellen. Da Remo ja im April nicht mehr hier ist und wir im M\u00e4rz jetzt auch oft jemand zus\u00e4tzlich im Team hatten, w\u00e4re es cool noch jemand zu Remo und Anton dazuzuhaben. <\/p>\n\n\n\n<p>Und dann kam auch noch Ladina zu Besuch mit ihrem Mami. So cool, das hat uns mega gefreut, dass nach einem Jahr Austauch in den USA, die Jenatschh\u00fctte doch auch noch im Kurs liegt und sie uns besuchen kommt \ud83d\ude42 Ladina wird uns dann n\u00e4chstes Jahr in den Sommerferien hoffentlich wieder ein bisschen unterst\u00fctzen kommen, das w\u00fcrde uns mega freuen, war es doch immer voll lustig und cool mit ihr \ud83d\ude42 <\/p>","protected":false},"excerpt":{"rendered":"<p>Heute haben wir eine grosse Ladung Retouren ins Tal geflogen, Abfalls\u00e4cke, Pet, leere Gasflaschen und Harassen. Und eine Menge Nachschub f\u00fcr Silvester ist in den Keller gewandert. Getr\u00e4nke und einige haltbare Lebensmittel haben wir jetzt schon hochgeflogen f\u00fcr den Winter.<\/p>","protected":false},"author":1,"featured_media":0,"comment_status":"closed","ping_status":"closed","sticky":false,"template":"","format":"standard","meta":{"inline_featured_image":false,"footnotes":""},"categories":[1],"tags":[],"class_list":["post-7049","post","type-post","status-publish","format-standard","hentry","category-allgemein"],"_links":{"self":[{"href":"https:\/\/www.chamannajenatsch.ch\/en\/wp-json\/wp\/v2\/posts\/7049","targetHints":{"allow":["GET"]}}],"collection":[{"href":"https:\/\/www.chamannajenatsch.ch\/en\/wp-json\/wp\/v2\/posts"}],"about":[{"href":"https:\/\/www.chamannajenatsch.ch\/en\/wp-json\/wp\/v2\/types\/post"}],"author":[{"embeddable":true,"href":"https:\/\/www.chamannajenatsch.ch\/en\/wp-json\/wp\/v2\/users\/1"}],"replies":[{"embeddable":true,"href":"https:\/\/www.chamannajenatsch.ch\/en\/wp-json\/wp\/v2\/comments?post=7049"}],"version-history":[{"count":1,"href":"https:\/\/www.chamannajenatsch.ch\/en\/wp-json\/wp\/v2\/posts\/7049\/revisions"}],"predecessor-version":[{"id":7050,"href":"https:\/\/www.chamannajenatsch.ch\/en\/wp-json\/wp\/v2\/posts\/7049\/revisions\/7050"}],"wp:attachment":[{"href":"https:\/\/www.chamannajenatsch.ch\/en\/wp-json\/wp\/v2\/media?parent=7049"}],"wp:term":[{"taxonomy":"category","embeddable":true,"href":"https:\/\/www.chamannajenatsch.ch\/en\/wp-json\/wp\/v2\/categories?post=7049"},{"taxonomy":"post_tag","embeddable":true,"href":"https:\/\/www.chamannajenatsch.ch\/en\/wp-json\/wp\/v2\/tags?post=7049"}],"curies":[{"name":"wp","href":"https:\/\/api.w.org\/{rel}","templated":true}]}}