{"id":7069,"date":"2023-10-15T21:20:49","date_gmt":"2023-10-15T19:20:49","guid":{"rendered":"http:\/\/www.chamannajenatsch.ch\/?p=7069"},"modified":"2023-10-15T21:20:50","modified_gmt":"2023-10-15T19:20:50","slug":"vom-sommer-in-den-herbst-und-in-die-zwischensaison","status":"publish","type":"post","link":"https:\/\/www.chamannajenatsch.ch\/en\/2023\/10\/15\/vom-sommer-in-den-herbst-und-in-die-zwischensaison\/","title":{"rendered":"Vom Sommer in den Herbst und in die Zwischensaison"},"content":{"rendered":"<p><br>So, jetzt schreibe ich euch mal von Zuhause vom Sofa. Nicht weil ich es am Nachmittag vergessen hatte, aber es gab ein Problem mit dem Server oder so und dann war nix mehr mit Tagebuch schreiben. Also bekommt ihr einfach jetzt den Entwurf von heute Nachmittag, den ich geschrieben hatte, aber nicht publizieren konnte \ud83d\ude09<\/p>\n\n\n\n<p>&#8222;Sodeli, jetzt sind alle gegangen und Dani und ich sind noch allein. Komisch nach so viel Action. Aber auch sch\u00f6n, noch 1-2 Stunden die Ruhe zu geniessen. <\/p>\n\n\n\n<p>Gestern hatten wir noch einen richtig sch\u00f6nen Abend. Alicia kam mit Auri, Remo mit Larissa und Sophia mit Mami Raphaela und so waren wir 9 Personen in der H\u00fcttenk\u00fcche. Den Tisch mussten wir 2 mal ausziehen, dass alle Platz hatten \ud83d\ude09 Es gab Kuchen (Nusstorte von Remo), Guetzli (von Sophia), Marroni (von Thomas Wehrli) und zum Znacht Fondue f\u00fcr die H\u00fcttencrew. Dazu ein Gl\u00e4sli Weisswein und zum Abschluss des Abends den Rest Eierlik\u00f6r von Angi \ud83d\ude42<br>Unsere ca. 20 G\u00e4ste waren alle sehr chillig unterwegs und haben den letzten Abend der Saison auch in der Stube voll genossen. Ein paar Gr\u00fcppli hatten sich gefunden und haben zusammen ebenfalls ein paar Flaschen Wein geteilt. <\/p>\n\n\n\n<p>Heute Morgen ist es nun deutlich k\u00e4lter draussen, das K\u00fcchentermometer zeigt auch jetzt am Mittag noch minus 1 und das sind wahrscheinlich 2-3 Grad \u00fcber der tats\u00e4chlichen Temperatur. Dazu ein eisiger Wind. Also perfektes Wetter zum Saisonschluss machen. <\/p>\n\n\n\n<p>Wir w\u00fcnschen euch allen einen sch\u00f6nen Herbst und einen guten Winterstart und Danken allen fleissigen Tagebuchlesern, den vielen lieben G\u00e4sten, unseren Besuchern, den Lieferanten und der HeliBernina und der gr\u00f6sste Dank gilt nat\u00fcrlich unserem H\u00fcttenteam f\u00fcr den unerm\u00fcdlichen Einsatz und die vielen lustigen Stunden in der H\u00fcttenk\u00fcche. <\/p>\n\n\n\n<p>Machets guet und bis Ende Dezember \ud83d\ude42<\/p>\n\n\n\n<p><\/p>","protected":false},"excerpt":{"rendered":"<p>So, jetzt schreibe ich euch mal von Zuhause vom Sofa. Nicht weil ich es am Nachmittag vergessen hatte, aber es gab ein Problem mit dem Server oder so und dann war nix mehr mit Tagebuch schreiben. Also bekommt ihr einfach<\/p>","protected":false},"author":1,"featured_media":0,"comment_status":"closed","ping_status":"closed","sticky":false,"template":"","format":"standard","meta":{"inline_featured_image":false,"footnotes":""},"categories":[1],"tags":[],"class_list":["post-7069","post","type-post","status-publish","format-standard","hentry","category-allgemein"],"_links":{"self":[{"href":"https:\/\/www.chamannajenatsch.ch\/en\/wp-json\/wp\/v2\/posts\/7069","targetHints":{"allow":["GET"]}}],"collection":[{"href":"https:\/\/www.chamannajenatsch.ch\/en\/wp-json\/wp\/v2\/posts"}],"about":[{"href":"https:\/\/www.chamannajenatsch.ch\/en\/wp-json\/wp\/v2\/types\/post"}],"author":[{"embeddable":true,"href":"https:\/\/www.chamannajenatsch.ch\/en\/wp-json\/wp\/v2\/users\/1"}],"replies":[{"embeddable":true,"href":"https:\/\/www.chamannajenatsch.ch\/en\/wp-json\/wp\/v2\/comments?post=7069"}],"version-history":[{"count":1,"href":"https:\/\/www.chamannajenatsch.ch\/en\/wp-json\/wp\/v2\/posts\/7069\/revisions"}],"predecessor-version":[{"id":7070,"href":"https:\/\/www.chamannajenatsch.ch\/en\/wp-json\/wp\/v2\/posts\/7069\/revisions\/7070"}],"wp:attachment":[{"href":"https:\/\/www.chamannajenatsch.ch\/en\/wp-json\/wp\/v2\/media?parent=7069"}],"wp:term":[{"taxonomy":"category","embeddable":true,"href":"https:\/\/www.chamannajenatsch.ch\/en\/wp-json\/wp\/v2\/categories?post=7069"},{"taxonomy":"post_tag","embeddable":true,"href":"https:\/\/www.chamannajenatsch.ch\/en\/wp-json\/wp\/v2\/tags?post=7069"}],"curies":[{"name":"wp","href":"https:\/\/api.w.org\/{rel}","templated":true}]}}