{"id":7858,"date":"2024-08-11T20:08:15","date_gmt":"2024-08-11T18:08:15","guid":{"rendered":"https:\/\/www.chamannajenatsch.ch\/?p=7858"},"modified":"2024-08-11T20:08:18","modified_gmt":"2024-08-11T18:08:18","slug":"hochsommer-2","status":"publish","type":"post","link":"https:\/\/www.chamannajenatsch.ch\/en\/2024\/08\/11\/hochsommer-2\/","title":{"rendered":"Hochsommer"},"content":{"rendered":"<p>Yuhuu, morgen hab ich frei \ud83d\ude42 Ich bin ja schon sehr gerne oben, aber jetzt freue ich mich schon auf zwei Tage im Tal. Zwei Tage erholen, mein Sofa, vielleicht meine H\u00e4ngematte \ud83d\ude42 Vielleicht gehe ich auch noch in Davos vorbei bei C\u00e9lia und Henry \ud83d\ude42 <br>Ich freu mich zwar dann auch schon wieder hochzukommen, da es ja wirklich Spass macht oben im Moment mit dem super Team. <\/p>\n\n\n\n<p>Heute war es tags\u00fcber recht ruhig, trotz des Bombenwetters. Und so konnten heute Alicia und Luis eine Runde baden gehen ins Gletschertor. Es ist auch wirklich meeega warm. Wir haben schon im Top und kurzen Hosen gefr\u00fchst\u00fcckt. Krass! Zwar irgendwie sch\u00f6n, aber auch irgendwie krass. Und mir grausts auch schon ein bisschen vor dem Tal morgen&#8230; Weil warm hier oben ist nat\u00fcrlich nicht gleich warm im Tal&#8230; Aber ich kann ja faul sein \ud83d\ude09 <br><br>Sophia und Ladina und Max, euch allen einen guten Start ins neue Schuljahr dann morgen \ud83d\ude09 Sch\u00f6n, dass ihr einen Teil der Sommerferien bei uns verrbacht hat und krass, dass diese nu schon vorbei sind. Manchmal geht die Zeit einfach soo schnell. <\/p>\n\n\n\n<p>Dann, mal schauen ob der Rest des Teams euch ein Tagebuch schreibt die n\u00e4chsten Tage und sonst h\u00f6ren \/ lesen wir uns in 2-3 Tagen \ud83d\ude09<\/p>","protected":false},"excerpt":{"rendered":"<p>Yuhuu, morgen hab ich frei \ud83d\ude42 Ich bin ja schon sehr gerne oben, aber jetzt freue ich mich schon auf zwei Tage im Tal. Zwei Tage erholen, mein Sofa, vielleicht meine H\u00e4ngematte \ud83d\ude42 Vielleicht gehe ich auch noch in Davos<\/p>","protected":false},"author":1,"featured_media":0,"comment_status":"closed","ping_status":"closed","sticky":false,"template":"","format":"standard","meta":{"inline_featured_image":false,"footnotes":""},"categories":[1],"tags":[],"class_list":["post-7858","post","type-post","status-publish","format-standard","hentry","category-allgemein"],"_links":{"self":[{"href":"https:\/\/www.chamannajenatsch.ch\/en\/wp-json\/wp\/v2\/posts\/7858","targetHints":{"allow":["GET"]}}],"collection":[{"href":"https:\/\/www.chamannajenatsch.ch\/en\/wp-json\/wp\/v2\/posts"}],"about":[{"href":"https:\/\/www.chamannajenatsch.ch\/en\/wp-json\/wp\/v2\/types\/post"}],"author":[{"embeddable":true,"href":"https:\/\/www.chamannajenatsch.ch\/en\/wp-json\/wp\/v2\/users\/1"}],"replies":[{"embeddable":true,"href":"https:\/\/www.chamannajenatsch.ch\/en\/wp-json\/wp\/v2\/comments?post=7858"}],"version-history":[{"count":1,"href":"https:\/\/www.chamannajenatsch.ch\/en\/wp-json\/wp\/v2\/posts\/7858\/revisions"}],"predecessor-version":[{"id":7859,"href":"https:\/\/www.chamannajenatsch.ch\/en\/wp-json\/wp\/v2\/posts\/7858\/revisions\/7859"}],"wp:attachment":[{"href":"https:\/\/www.chamannajenatsch.ch\/en\/wp-json\/wp\/v2\/media?parent=7858"}],"wp:term":[{"taxonomy":"category","embeddable":true,"href":"https:\/\/www.chamannajenatsch.ch\/en\/wp-json\/wp\/v2\/categories?post=7858"},{"taxonomy":"post_tag","embeddable":true,"href":"https:\/\/www.chamannajenatsch.ch\/en\/wp-json\/wp\/v2\/tags?post=7858"}],"curies":[{"name":"wp","href":"https:\/\/api.w.org\/{rel}","templated":true}]}}