{"id":7863,"date":"2024-08-14T18:29:14","date_gmt":"2024-08-14T16:29:14","guid":{"rendered":"https:\/\/www.chamannajenatsch.ch\/?p=7863"},"modified":"2024-08-14T18:29:27","modified_gmt":"2024-08-14T16:29:27","slug":"und-wieder-zurueck","status":"publish","type":"post","link":"https:\/\/www.chamannajenatsch.ch\/en\/2024\/08\/14\/und-wieder-zurueck\/","title":{"rendered":"Und wieder zur\u00fcck"},"content":{"rendered":"<p>Sodeli, schon bin ich wieder oben \ud83d\ude42 Ging schnell die zwei Tage! Aber es waren trotzdem zwei sch\u00f6ne Tage und ich bin etwas erholter wieder zur\u00fcck \ud83d\ude42 <\/p>\n\n\n\n<p>Eigentlich dachte ich, dass heute nicht so viel l\u00e4uft, da das Wetter eher durchzogen angesagt war und auf dem Radar immer wieder Schauer zu sehen waren. Aber als ich in Spinas noch etwas kleines Zmittag gegessen habe, bekam ich ein Foto von einem sehr langen R\u00f6stizettel aus der K\u00fcche. Und neben den 6 Italienern, hatten heute doch auch sonst noch ein paar die Motivation f\u00fcr eine Tageswanderung zur Jenatsch hoch, und somit hatten Alicia und Dani ganz sch\u00f6n was zu tun zu zweit. <\/p>\n\n\n\n<p>Ich wurde dann auch noch verregnet auf dem Hochweg, aber da es ja eh viel zu warm ist, war es nicht so schlimm und ich konnte gut hochsprinten im Regen mit der Abk\u00fchlung \ud83d\ude09 Der erste Abend hier oben ist dann immer ein bisschen planlos, da man nicht so ganz im Bild ist, auch wenn es nur zwei Tage Pause waren, aber Alicia und Dani haben ja alles im Griff. Dann kann ich noch ein bisschen ankommen. Morgen haben wir dann doch auch wieder fast 40 G\u00e4ste, es ist also nicht lang mit rumtr\u00f6deln \ud83d\ude09<\/p>\n\n\n\n<p>Und nein, den Krautstiel habe ich noch nicht begutachtet im Tiefk\u00fchler \ud83d\ude09<\/p>","protected":false},"excerpt":{"rendered":"<p>Sodeli, schon bin ich wieder oben \ud83d\ude42 Ging schnell die zwei Tage! Aber es waren trotzdem zwei sch\u00f6ne Tage und ich bin etwas erholter wieder zur\u00fcck \ud83d\ude42 Eigentlich dachte ich, dass heute nicht so viel l\u00e4uft, da das Wetter eher<\/p>","protected":false},"author":1,"featured_media":0,"comment_status":"closed","ping_status":"closed","sticky":false,"template":"","format":"standard","meta":{"inline_featured_image":false,"footnotes":""},"categories":[1],"tags":[],"class_list":["post-7863","post","type-post","status-publish","format-standard","hentry","category-allgemein"],"_links":{"self":[{"href":"https:\/\/www.chamannajenatsch.ch\/en\/wp-json\/wp\/v2\/posts\/7863","targetHints":{"allow":["GET"]}}],"collection":[{"href":"https:\/\/www.chamannajenatsch.ch\/en\/wp-json\/wp\/v2\/posts"}],"about":[{"href":"https:\/\/www.chamannajenatsch.ch\/en\/wp-json\/wp\/v2\/types\/post"}],"author":[{"embeddable":true,"href":"https:\/\/www.chamannajenatsch.ch\/en\/wp-json\/wp\/v2\/users\/1"}],"replies":[{"embeddable":true,"href":"https:\/\/www.chamannajenatsch.ch\/en\/wp-json\/wp\/v2\/comments?post=7863"}],"version-history":[{"count":2,"href":"https:\/\/www.chamannajenatsch.ch\/en\/wp-json\/wp\/v2\/posts\/7863\/revisions"}],"predecessor-version":[{"id":7865,"href":"https:\/\/www.chamannajenatsch.ch\/en\/wp-json\/wp\/v2\/posts\/7863\/revisions\/7865"}],"wp:attachment":[{"href":"https:\/\/www.chamannajenatsch.ch\/en\/wp-json\/wp\/v2\/media?parent=7863"}],"wp:term":[{"taxonomy":"category","embeddable":true,"href":"https:\/\/www.chamannajenatsch.ch\/en\/wp-json\/wp\/v2\/categories?post=7863"},{"taxonomy":"post_tag","embeddable":true,"href":"https:\/\/www.chamannajenatsch.ch\/en\/wp-json\/wp\/v2\/tags?post=7863"}],"curies":[{"name":"wp","href":"https:\/\/api.w.org\/{rel}","templated":true}]}}