{"id":7897,"date":"2024-08-18T17:26:14","date_gmt":"2024-08-18T15:26:14","guid":{"rendered":"https:\/\/www.chamannajenatsch.ch\/?p=7897"},"modified":"2024-08-18T17:26:19","modified_gmt":"2024-08-18T15:26:19","slug":"rainy-day-2","status":"publish","type":"post","link":"https:\/\/www.chamannajenatsch.ch\/en\/2024\/08\/18\/rainy-day-2\/","title":{"rendered":"Rainy day"},"content":{"rendered":"<p>Ou, ich habe euch noch vergessen zu erz\u00e4hlen, dass Roli uns noch zwei Entli mitgebracht hat. Zwei Schweizer, 1 K\u00fcehli und 1 J\u00e4ger. Also das J\u00e4gerentli sieht eher nach S\u00fcdtiroler aus, aber es hat ein Schweizerkreuz auf dem Bauch. Also vermutlich ein J\u00e4ger. Aber ohne Flinte. Sonst k\u00f6nnte das J\u00e4gerentli den Rest der Herde jetzt verteidigen \ud83d\ude09<\/p>\n\n\n\n<p>Heute hat es fast durchgeregnet. Nicht mega viel, also f\u00fcr uns keine Sorge f\u00fcr die Wasserfassung aber f\u00fcr die G\u00e4ste eine ziemlich nasse Angelegenheit. <\/p>\n\n\n\n<p>Wir haben am Morgen ein K\u00fcchenyoga gemacht, zu dritt, Luis weigert sich immer noch und hat daf\u00fcr ein K\u00fcrbisyoga gemacht und unseren Megak\u00fcrbis verhackt. Es gibt heute Abend K\u00fcrbisgnocchi! Zum Zmittag hatten wir eine Variante aus Paangescher: Birnen-Gorgi f\u00fcr die zwei M\u00e4nner, Gem\u00fcse-K\u00e4se f\u00fcr die Frauen, dann Dessertvarianten f\u00fcr alle: Zimtzucker, frische Heidelbeeren und Zimt-Zucker-Apfel. Ein Gourmettag heute  \ud83d\ude42<\/p>\n\n\n\n<p>Jetzt haben wir noch zwei Runden Br\u00e4ndi Dog gemacht, Luis und ich waren wieder Gl\u00fcckspilze, fast ein bisschen unversch\u00e4mt \ud83d\ude09 Mal schauen, vielleicht gibts nach dem Nachtessen noch eine Runde Wizard und mal schauen wer da gewinnt. <\/p>\n\n\n\n<p>Ab morgen ist dann wieder mehr Action in der Stube angesagt, aber so ein Erholungstag dazwischen war jetzt auch ganz cool \ud83d\ude42 <\/p>\n\n\n\n<p><\/p>","protected":false},"excerpt":{"rendered":"<p>Ou, ich habe euch noch vergessen zu erz\u00e4hlen, dass Roli uns noch zwei Entli mitgebracht hat. Zwei Schweizer, 1 K\u00fcehli und 1 J\u00e4ger. Also das J\u00e4gerentli sieht eher nach S\u00fcdtiroler aus, aber es hat ein Schweizerkreuz auf dem Bauch. Also<\/p>","protected":false},"author":1,"featured_media":0,"comment_status":"closed","ping_status":"closed","sticky":false,"template":"","format":"standard","meta":{"inline_featured_image":false,"footnotes":""},"categories":[1],"tags":[],"class_list":["post-7897","post","type-post","status-publish","format-standard","hentry","category-allgemein"],"_links":{"self":[{"href":"https:\/\/www.chamannajenatsch.ch\/en\/wp-json\/wp\/v2\/posts\/7897","targetHints":{"allow":["GET"]}}],"collection":[{"href":"https:\/\/www.chamannajenatsch.ch\/en\/wp-json\/wp\/v2\/posts"}],"about":[{"href":"https:\/\/www.chamannajenatsch.ch\/en\/wp-json\/wp\/v2\/types\/post"}],"author":[{"embeddable":true,"href":"https:\/\/www.chamannajenatsch.ch\/en\/wp-json\/wp\/v2\/users\/1"}],"replies":[{"embeddable":true,"href":"https:\/\/www.chamannajenatsch.ch\/en\/wp-json\/wp\/v2\/comments?post=7897"}],"version-history":[{"count":1,"href":"https:\/\/www.chamannajenatsch.ch\/en\/wp-json\/wp\/v2\/posts\/7897\/revisions"}],"predecessor-version":[{"id":7898,"href":"https:\/\/www.chamannajenatsch.ch\/en\/wp-json\/wp\/v2\/posts\/7897\/revisions\/7898"}],"wp:attachment":[{"href":"https:\/\/www.chamannajenatsch.ch\/en\/wp-json\/wp\/v2\/media?parent=7897"}],"wp:term":[{"taxonomy":"category","embeddable":true,"href":"https:\/\/www.chamannajenatsch.ch\/en\/wp-json\/wp\/v2\/categories?post=7897"},{"taxonomy":"post_tag","embeddable":true,"href":"https:\/\/www.chamannajenatsch.ch\/en\/wp-json\/wp\/v2\/tags?post=7897"}],"curies":[{"name":"wp","href":"https:\/\/api.w.org\/{rel}","templated":true}]}}