{"id":8441,"date":"2025-03-02T15:22:38","date_gmt":"2025-03-02T14:22:38","guid":{"rendered":"https:\/\/www.chamannajenatsch.ch\/?p=8441"},"modified":"2025-03-02T15:22:41","modified_gmt":"2025-03-02T14:22:41","slug":"das-hufeisen","status":"publish","type":"post","link":"https:\/\/www.chamannajenatsch.ch\/en\/2025\/03\/02\/das-hufeisen\/","title":{"rendered":"Das Hufeisen"},"content":{"rendered":"<p>Letzte Woche haben wir ein E-Mail bekommen von einem Herrn, der die H\u00fcttengeschichten im SRF gesehen hat, und sich dann an seine Zeit in und um die Jenatschh\u00fctte erinnert hat. Und uns dann geschrieben hat. <br>Louis Riederer hat vor 50 Jahren beim vorigen Umbau der Jenatschh\u00fctte geholfen, im Jahr 1974. Und zwar hat er in einem WK vom Milit\u00e4r mit der Train Abt 12 Material hochgebracht. Die eine Kolonne mit 20 Pferden transportierte das Baumaterial von Spinas per Tandem Zug zur Alp Suvretta. Die zweite Kolonne transportierte dann das Material von da per Ober- oder Seitenlast zur H\u00fctte hoch. Louis hat uns die Fotos von ihrem damaligen Einsatz zur Verf\u00fcgung gestellt. Ihr k\u00f6nnt sie euch unter diesem Link gerne auch anschauen: <a href=\"https:\/\/photos.app.goo.gl\/Vy4KNCTemnNiJTmQA\">https:\/\/photos.app.goo.gl\/Vy4KNCTemnNiJTmQA<\/a><\/p>\n\n\n\n<p>Krass oder, was M\u00e4nner und Pferde damals geleistet haben! Im Schnee und Matsch gings mit riesigen Lasten den Wanderweg hoch! Und seht ihr, ein Teil der H\u00fctte steht auch heute immer noch und ist jetzt der Winterraum und Schuhraum! So cool!<\/p>\n\n\n\n<p>Und was wir dann auch noch rausgefunden haben? Damals haben die M\u00e4nner ein geschmiedetes Hufeisen hinterlassen, als Erinnerung f\u00fcr ihre Arbeit. Und wisst ihr was, das Hufeisen h\u00e4ngt tats\u00e4chlich immer noch bei uns in der Stube! Mega oder! <\/p>\n\n\n\n<p>Also herzlichen Dank Louis und an alle damals beteiligten f\u00fcr den grossen Einsatz zu Gunsten der Jenatschh\u00fctte und tausend Dank Louis f\u00fcr die Fotos und die Story! Es hat uns sehr gefreut!<\/p>\n\n\n\n<figure class=\"wp-block-image size-full\"><img fetchpriority=\"high\" decoding=\"async\" width=\"480\" height=\"640\" src=\"http:\/\/www.chamannajenatsch.ch\/wp-content\/uploads\/2025\/03\/Hufeisen.jpeg\" alt=\"\" class=\"wp-image-8442\" srcset=\"https:\/\/www.chamannajenatsch.ch\/wp-content\/uploads\/2025\/03\/Hufeisen.jpeg 480w, https:\/\/www.chamannajenatsch.ch\/wp-content\/uploads\/2025\/03\/Hufeisen-225x300.jpeg 225w, https:\/\/www.chamannajenatsch.ch\/wp-content\/uploads\/2025\/03\/Hufeisen-9x12.jpeg 9w\" sizes=\"(max-width: 480px) 100vw, 480px\" \/><\/figure>","protected":false},"excerpt":{"rendered":"<p>Letzte Woche haben wir ein E-Mail bekommen von einem Herrn, der die H\u00fcttengeschichten im SRF gesehen hat, und sich dann an seine Zeit in und um die Jenatschh\u00fctte erinnert hat. Und uns dann geschrieben hat. Louis Riederer hat vor 50<\/p>","protected":false},"author":1,"featured_media":0,"comment_status":"closed","ping_status":"closed","sticky":false,"template":"","format":"standard","meta":{"inline_featured_image":false,"footnotes":""},"categories":[1],"tags":[],"class_list":["post-8441","post","type-post","status-publish","format-standard","hentry","category-allgemein"],"_links":{"self":[{"href":"https:\/\/www.chamannajenatsch.ch\/en\/wp-json\/wp\/v2\/posts\/8441","targetHints":{"allow":["GET"]}}],"collection":[{"href":"https:\/\/www.chamannajenatsch.ch\/en\/wp-json\/wp\/v2\/posts"}],"about":[{"href":"https:\/\/www.chamannajenatsch.ch\/en\/wp-json\/wp\/v2\/types\/post"}],"author":[{"embeddable":true,"href":"https:\/\/www.chamannajenatsch.ch\/en\/wp-json\/wp\/v2\/users\/1"}],"replies":[{"embeddable":true,"href":"https:\/\/www.chamannajenatsch.ch\/en\/wp-json\/wp\/v2\/comments?post=8441"}],"version-history":[{"count":1,"href":"https:\/\/www.chamannajenatsch.ch\/en\/wp-json\/wp\/v2\/posts\/8441\/revisions"}],"predecessor-version":[{"id":8443,"href":"https:\/\/www.chamannajenatsch.ch\/en\/wp-json\/wp\/v2\/posts\/8441\/revisions\/8443"}],"wp:attachment":[{"href":"https:\/\/www.chamannajenatsch.ch\/en\/wp-json\/wp\/v2\/media?parent=8441"}],"wp:term":[{"taxonomy":"category","embeddable":true,"href":"https:\/\/www.chamannajenatsch.ch\/en\/wp-json\/wp\/v2\/categories?post=8441"},{"taxonomy":"post_tag","embeddable":true,"href":"https:\/\/www.chamannajenatsch.ch\/en\/wp-json\/wp\/v2\/tags?post=8441"}],"curies":[{"name":"wp","href":"https:\/\/api.w.org\/{rel}","templated":true}]}}