{"id":8449,"date":"2025-03-04T18:01:00","date_gmt":"2025-03-04T17:01:00","guid":{"rendered":"https:\/\/www.chamannajenatsch.ch\/?p=8449"},"modified":"2025-03-04T18:01:02","modified_gmt":"2025-03-04T17:01:02","slug":"sturmfrei","status":"publish","type":"post","link":"https:\/\/www.chamannajenatsch.ch\/en\/2025\/03\/04\/sturmfrei\/","title":{"rendered":"Sturmfrei"},"content":{"rendered":"<p>Was machst du, wenn Jill und Dani im Frei sind? &#8211; Richtig, im besten Falle alles wie immer!<br>Nach einem gemeinsamen Fr\u00fchst\u00fcck sind die beiden \u00fcber die Fuorcla Laviner ins Val d&#8217;Err gefahren, um dann im Tal ihre wohlverdiente Pause bis Donnerstag zu geniessen!<\/p>\n\n\n\n<p>Nici, Sebi und ich (Luis) haben dann schnell den H\u00fcttenwusel erledigt. Danach gabs dann f\u00fcr uns das Teamcaf\u00e9 mit kr\u00e4ftig Sonne! Wir haben es also auch noch ruhig gehabt bis zum Zmittag. <br>F\u00fcrs Abendessen ist auch schon alles vorbereitet, jetzt heisst es nur noch Risotto r\u00fchren \ud83d\ude42<\/p>\n\n\n\n<p>Die Ansprache vorm Znacht halten heute nicht wie gewohnt Jill und Dani, sondern Nici und ich. Hoffentlich vergessen wir nichts \ud83d\ude09 <br>Schon irgendwie komisch wenn die Zwei nicht hier oben sind!<\/p>\n\n\n\n<p>Hier noch ein Foto von den Zweien auf der oberen &#8222;Steinbockschulter&#8220;  \ud83d\ude09<\/p>\n\n\n\n<figure class=\"wp-block-image size-large\"><img fetchpriority=\"high\" decoding=\"async\" width=\"1024\" height=\"768\" src=\"https:\/\/www.chamannajenatsch.ch\/wp-content\/uploads\/2025\/03\/WhatsApp-Image-2025-03-04-at-17.49.52-1024x768.jpeg\" alt=\"\" class=\"wp-image-8450\" srcset=\"https:\/\/www.chamannajenatsch.ch\/wp-content\/uploads\/2025\/03\/WhatsApp-Image-2025-03-04-at-17.49.52-1024x768.jpeg 1024w, https:\/\/www.chamannajenatsch.ch\/wp-content\/uploads\/2025\/03\/WhatsApp-Image-2025-03-04-at-17.49.52-300x225.jpeg 300w, https:\/\/www.chamannajenatsch.ch\/wp-content\/uploads\/2025\/03\/WhatsApp-Image-2025-03-04-at-17.49.52-768x576.jpeg 768w, https:\/\/www.chamannajenatsch.ch\/wp-content\/uploads\/2025\/03\/WhatsApp-Image-2025-03-04-at-17.49.52-1536x1152.jpeg 1536w, https:\/\/www.chamannajenatsch.ch\/wp-content\/uploads\/2025\/03\/WhatsApp-Image-2025-03-04-at-17.49.52-2048x1536.jpeg 2048w, https:\/\/www.chamannajenatsch.ch\/wp-content\/uploads\/2025\/03\/WhatsApp-Image-2025-03-04-at-17.49.52-16x12.jpeg 16w\" sizes=\"(max-width: 1024px) 100vw, 1024px\" \/><\/figure>","protected":false},"excerpt":{"rendered":"<p>Was machst du, wenn Jill und Dani im Frei sind? &#8211; Richtig, im besten Falle alles wie immer!Nach einem gemeinsamen Fr\u00fchst\u00fcck sind die beiden \u00fcber die Fuorcla Laviner ins Val d&#8217;Err gefahren, um dann im Tal ihre wohlverdiente Pause bis<\/p>","protected":false},"author":1,"featured_media":0,"comment_status":"closed","ping_status":"closed","sticky":false,"template":"","format":"standard","meta":{"inline_featured_image":false,"footnotes":""},"categories":[1],"tags":[],"class_list":["post-8449","post","type-post","status-publish","format-standard","hentry","category-allgemein"],"_links":{"self":[{"href":"https:\/\/www.chamannajenatsch.ch\/en\/wp-json\/wp\/v2\/posts\/8449","targetHints":{"allow":["GET"]}}],"collection":[{"href":"https:\/\/www.chamannajenatsch.ch\/en\/wp-json\/wp\/v2\/posts"}],"about":[{"href":"https:\/\/www.chamannajenatsch.ch\/en\/wp-json\/wp\/v2\/types\/post"}],"author":[{"embeddable":true,"href":"https:\/\/www.chamannajenatsch.ch\/en\/wp-json\/wp\/v2\/users\/1"}],"replies":[{"embeddable":true,"href":"https:\/\/www.chamannajenatsch.ch\/en\/wp-json\/wp\/v2\/comments?post=8449"}],"version-history":[{"count":1,"href":"https:\/\/www.chamannajenatsch.ch\/en\/wp-json\/wp\/v2\/posts\/8449\/revisions"}],"predecessor-version":[{"id":8451,"href":"https:\/\/www.chamannajenatsch.ch\/en\/wp-json\/wp\/v2\/posts\/8449\/revisions\/8451"}],"wp:attachment":[{"href":"https:\/\/www.chamannajenatsch.ch\/en\/wp-json\/wp\/v2\/media?parent=8449"}],"wp:term":[{"taxonomy":"category","embeddable":true,"href":"https:\/\/www.chamannajenatsch.ch\/en\/wp-json\/wp\/v2\/categories?post=8449"},{"taxonomy":"post_tag","embeddable":true,"href":"https:\/\/www.chamannajenatsch.ch\/en\/wp-json\/wp\/v2\/tags?post=8449"}],"curies":[{"name":"wp","href":"https:\/\/api.w.org\/{rel}","templated":true}]}}