{"id":8454,"date":"2025-03-06T16:04:04","date_gmt":"2025-03-06T15:04:04","guid":{"rendered":"https:\/\/www.chamannajenatsch.ch\/?p=8454"},"modified":"2025-03-06T16:04:07","modified_gmt":"2025-03-06T15:04:07","slug":"back-to-business","status":"publish","type":"post","link":"https:\/\/www.chamannajenatsch.ch\/en\/2025\/03\/06\/back-to-business\/","title":{"rendered":"Back to business"},"content":{"rendered":"<p>Sodeli, heute wieder Tagebuch von Jill! Danke Luis f\u00fcr die Vertretung \ud83d\ude42 Und nat\u00fcrlich Danke Nici, Luis und Sebi f\u00fcr eueren Einsatz w\u00e4hrend unserer zwei Freitage! Tausend lieben Dank euch \ud83d\ude42 <br>Wir haben die zwei Tage im Tal sehr genossen. Am Dienstag sind wir via Fuorcla Laviner und Val d&#8217;Err nach Tinizong abgefahren. Super cool, das hatten wir noch nie gemacht, und trotz ein paar grossen Kratzern in den Ski (upsli) und einer halben Stunde Ski tragen (unten ist Fr\u00fchling&#8230;) haben wir die Abfahrt in dem ruhigen, abgeschiedenen Tal sehr genossen. Gestern haben wir nicht viel gemacht und heute sind wir jetzt schon wieder hier \ud83d\ude09 <br>Aber, wir haben uns beide sehr gefreut zum wieder hochkommen heute! Und das will doch was heissen, oder? Ich glaube, fr\u00fcher zu B\u00fcrozeiten habe ich mich nie gefreut wieder zur Arbeit zu gehen nach den Ferien oder dem Weekend. Also nicht, dass ich es immer gehasst habe, aber so richtig gefreut&#8230; hmm&#8230; Das h\u00e4ngt nat\u00fcrlich nicht nur mit der Arbeit hier oben zusammen und der sch\u00f6nen Aussicht von unserer Terrasse, sondern auch mit dem guten Team das uns hier oben erwartet hat \ud83d\ude42 Wobei ich fr\u00fcher auch ganz coole Teams hatte im B\u00fcro, liebe Gr\u00fcsse an dieser Stelle an VAWler und HJPler wenn jemand von euch Tagebuch liest! Aber es ist halt nicht das gleiche wie mit unserer Jenatschfamily hier oben \ud83d\ude42<\/p>\n\n\n\n<p><br>Aber sodeli, genug f\u00fcr heute! Es ist die n\u00e4chsten Tage recht voll und es gibt einiges zu tun \ud83d\ude42<\/p>","protected":false},"excerpt":{"rendered":"<p>Sodeli, heute wieder Tagebuch von Jill! Danke Luis f\u00fcr die Vertretung \ud83d\ude42 Und nat\u00fcrlich Danke Nici, Luis und Sebi f\u00fcr eueren Einsatz w\u00e4hrend unserer zwei Freitage! Tausend lieben Dank euch \ud83d\ude42 Wir haben die zwei Tage im Tal sehr genossen.<\/p>","protected":false},"author":1,"featured_media":0,"comment_status":"closed","ping_status":"closed","sticky":false,"template":"","format":"standard","meta":{"inline_featured_image":false,"footnotes":""},"categories":[1],"tags":[],"class_list":["post-8454","post","type-post","status-publish","format-standard","hentry","category-allgemein"],"_links":{"self":[{"href":"https:\/\/www.chamannajenatsch.ch\/en\/wp-json\/wp\/v2\/posts\/8454","targetHints":{"allow":["GET"]}}],"collection":[{"href":"https:\/\/www.chamannajenatsch.ch\/en\/wp-json\/wp\/v2\/posts"}],"about":[{"href":"https:\/\/www.chamannajenatsch.ch\/en\/wp-json\/wp\/v2\/types\/post"}],"author":[{"embeddable":true,"href":"https:\/\/www.chamannajenatsch.ch\/en\/wp-json\/wp\/v2\/users\/1"}],"replies":[{"embeddable":true,"href":"https:\/\/www.chamannajenatsch.ch\/en\/wp-json\/wp\/v2\/comments?post=8454"}],"version-history":[{"count":1,"href":"https:\/\/www.chamannajenatsch.ch\/en\/wp-json\/wp\/v2\/posts\/8454\/revisions"}],"predecessor-version":[{"id":8455,"href":"https:\/\/www.chamannajenatsch.ch\/en\/wp-json\/wp\/v2\/posts\/8454\/revisions\/8455"}],"wp:attachment":[{"href":"https:\/\/www.chamannajenatsch.ch\/en\/wp-json\/wp\/v2\/media?parent=8454"}],"wp:term":[{"taxonomy":"category","embeddable":true,"href":"https:\/\/www.chamannajenatsch.ch\/en\/wp-json\/wp\/v2\/categories?post=8454"},{"taxonomy":"post_tag","embeddable":true,"href":"https:\/\/www.chamannajenatsch.ch\/en\/wp-json\/wp\/v2\/tags?post=8454"}],"curies":[{"name":"wp","href":"https:\/\/api.w.org\/{rel}","templated":true}]}}