{"id":8521,"date":"2025-03-17T15:45:39","date_gmt":"2025-03-17T14:45:39","guid":{"rendered":"https:\/\/www.chamannajenatsch.ch\/?p=8521"},"modified":"2025-03-17T15:45:42","modified_gmt":"2025-03-17T14:45:42","slug":"liebe-gaeste","status":"publish","type":"post","link":"https:\/\/www.chamannajenatsch.ch\/en\/2025\/03\/17\/liebe-gaeste\/","title":{"rendered":"Dear guests"},"content":{"rendered":"<p>Welch eine \u00dcberraschung, heute Morgen wachen wir bei stahlblauem Himmel auf. Im Laufe des Morgens kamen dann zwar noch einige Nebelwolken dahergezogen, aber grunds\u00e4tzlich wars den ganzen Tag sonnig! Nur armer Sebi, der nach dem Fr\u00fchst\u00fcck zum Julierpass raus musste, dort war n\u00e4mlich stockdichter Nebel mit null Sicht, w\u00e4hrend wir hier in der Sonne sassen. Sebi, vielen lieben Dank f\u00fcr deine zwei Wochen bei uns! Es hat Spass gemacht mit dir! Gerne wieder Mal \ud83d\ude42<\/p>\n\n\n\n<p>Ja, wir haben nach dem H\u00fcttenwusel recht lange die Sonne geniessen k\u00f6nnen! Das tat richtig gut, nach einer ganzen Woche &#8222;Hausarrest&#8220; wo wie h\u00f6chstens mal kurz draussen waren, wieder auf der Terrasse Sonne zu tanken. <\/p>\n\n\n\n<p>Mit uns auf der Terrasse sass dann \u00fcber Mittag noch eine Familie die bei uns zu Gast ist. Die beiden Geschwister waren letztes Jahr bereits bei uns, und trotz des h\u00e4sslichen Wetters damals, hat es ihnen super gefallen bei uns! Jetzt sind sie wieder hier und haben dieses Jahr noch die Eltern mitgebracht. Gestern war das Wetter ja noch bescheiden, aber nun haben sie eine wunderbare Woche vor sich f\u00fcr den Weiterweg auf der Haute Route. Und als kleines Geschenk f\u00fcr uns, haben sie zwei Fl\u00e4schli Bier und Sch\u00f6ggeli aus der Heimat mitgebracht! Soooo lieb \ud83d\ude42 Es hat uns mega gefreut. Und es war auch richtig sch\u00f6n mit ihnen zu plaudern auf der Terrasse. Die lieben G\u00e4ste machen eben das sch\u00f6ne am H\u00fcttenwartsleben \ud83d\ude42 Danke euch \ud83d\ude42<\/p>","protected":false},"excerpt":{"rendered":"<p>Welch eine \u00dcberraschung, heute Morgen wachen wir bei stahlblauem Himmel auf. Im Laufe des Morgens kamen dann zwar noch einige Nebelwolken dahergezogen, aber grunds\u00e4tzlich wars den ganzen Tag sonnig! Nur armer Sebi, der nach dem Fr\u00fchst\u00fcck zum Julierpass raus musste,<\/p>","protected":false},"author":1,"featured_media":0,"comment_status":"closed","ping_status":"closed","sticky":false,"template":"","format":"standard","meta":{"inline_featured_image":false,"footnotes":""},"categories":[1],"tags":[],"class_list":["post-8521","post","type-post","status-publish","format-standard","hentry","category-allgemein"],"_links":{"self":[{"href":"https:\/\/www.chamannajenatsch.ch\/en\/wp-json\/wp\/v2\/posts\/8521","targetHints":{"allow":["GET"]}}],"collection":[{"href":"https:\/\/www.chamannajenatsch.ch\/en\/wp-json\/wp\/v2\/posts"}],"about":[{"href":"https:\/\/www.chamannajenatsch.ch\/en\/wp-json\/wp\/v2\/types\/post"}],"author":[{"embeddable":true,"href":"https:\/\/www.chamannajenatsch.ch\/en\/wp-json\/wp\/v2\/users\/1"}],"replies":[{"embeddable":true,"href":"https:\/\/www.chamannajenatsch.ch\/en\/wp-json\/wp\/v2\/comments?post=8521"}],"version-history":[{"count":1,"href":"https:\/\/www.chamannajenatsch.ch\/en\/wp-json\/wp\/v2\/posts\/8521\/revisions"}],"predecessor-version":[{"id":8522,"href":"https:\/\/www.chamannajenatsch.ch\/en\/wp-json\/wp\/v2\/posts\/8521\/revisions\/8522"}],"wp:attachment":[{"href":"https:\/\/www.chamannajenatsch.ch\/en\/wp-json\/wp\/v2\/media?parent=8521"}],"wp:term":[{"taxonomy":"category","embeddable":true,"href":"https:\/\/www.chamannajenatsch.ch\/en\/wp-json\/wp\/v2\/categories?post=8521"},{"taxonomy":"post_tag","embeddable":true,"href":"https:\/\/www.chamannajenatsch.ch\/en\/wp-json\/wp\/v2\/tags?post=8521"}],"curies":[{"name":"wp","href":"https:\/\/api.w.org\/{rel}","templated":true}]}}