{"id":8550,"date":"2025-03-29T11:43:46","date_gmt":"2025-03-29T10:43:46","guid":{"rendered":"https:\/\/www.chamannajenatsch.ch\/?p=8550"},"modified":"2025-03-29T11:43:48","modified_gmt":"2025-03-29T10:43:48","slug":"besuch-besuuuch","status":"publish","type":"post","link":"https:\/\/www.chamannajenatsch.ch\/en\/2025\/03\/29\/besuch-besuuuch\/","title":{"rendered":"Besuch Besuuuch"},"content":{"rendered":"<p>Sorryyy, dass ich euch gerade so unzuverl\u00e4ssig mit Tagebucheintragen versorge. Aber gestern hatte ich frei am Morgen und war mit C\u00e9lia auf dem Piz Surgonda und im Powder im Val Bever. Und dann haben wir gerade auch sonst noch viel Besuch. Gestern waren noch H\u00fcttenwartinnen von zwei anderen B\u00fcndener H\u00fctten zu Besuch, zudem sind noch Vroni und Martin und Angie mit einer Freundin hier. Ihr seht, die K\u00fcche ist wieder mal recht voll und somit ist man zwar schneller bei der Arbeit aber hat sich auch noch viel zu erz\u00e4hlen und keine Zeit f\u00fcr Tagebuch. <\/p>\n\n\n\n<p>Heute ist es eine etwas neblige Sache draussen und wir sitzten alle gem\u00fctlich um den K\u00fcchentisch und pl\u00e4uderle. Und jetzt dachte ich, muss ich euch doch mal wieder schnell ein Update geben, nicht dass ihr denkt wir sind verschollen \ud83d\ude09 <\/p>","protected":false},"excerpt":{"rendered":"<p>Sorryyy, dass ich euch gerade so unzuverl\u00e4ssig mit Tagebucheintragen versorge. Aber gestern hatte ich frei am Morgen und war mit C\u00e9lia auf dem Piz Surgonda und im Powder im Val Bever. Und dann haben wir gerade auch sonst noch viel<\/p>","protected":false},"author":1,"featured_media":0,"comment_status":"closed","ping_status":"closed","sticky":false,"template":"","format":"standard","meta":{"inline_featured_image":false,"footnotes":""},"categories":[1],"tags":[],"class_list":["post-8550","post","type-post","status-publish","format-standard","hentry","category-allgemein"],"_links":{"self":[{"href":"https:\/\/www.chamannajenatsch.ch\/en\/wp-json\/wp\/v2\/posts\/8550","targetHints":{"allow":["GET"]}}],"collection":[{"href":"https:\/\/www.chamannajenatsch.ch\/en\/wp-json\/wp\/v2\/posts"}],"about":[{"href":"https:\/\/www.chamannajenatsch.ch\/en\/wp-json\/wp\/v2\/types\/post"}],"author":[{"embeddable":true,"href":"https:\/\/www.chamannajenatsch.ch\/en\/wp-json\/wp\/v2\/users\/1"}],"replies":[{"embeddable":true,"href":"https:\/\/www.chamannajenatsch.ch\/en\/wp-json\/wp\/v2\/comments?post=8550"}],"version-history":[{"count":1,"href":"https:\/\/www.chamannajenatsch.ch\/en\/wp-json\/wp\/v2\/posts\/8550\/revisions"}],"predecessor-version":[{"id":8551,"href":"https:\/\/www.chamannajenatsch.ch\/en\/wp-json\/wp\/v2\/posts\/8550\/revisions\/8551"}],"wp:attachment":[{"href":"https:\/\/www.chamannajenatsch.ch\/en\/wp-json\/wp\/v2\/media?parent=8550"}],"wp:term":[{"taxonomy":"category","embeddable":true,"href":"https:\/\/www.chamannajenatsch.ch\/en\/wp-json\/wp\/v2\/categories?post=8550"},{"taxonomy":"post_tag","embeddable":true,"href":"https:\/\/www.chamannajenatsch.ch\/en\/wp-json\/wp\/v2\/tags?post=8550"}],"curies":[{"name":"wp","href":"https:\/\/api.w.org\/{rel}","templated":true}]}}