{"id":8552,"date":"2025-03-30T16:34:10","date_gmt":"2025-03-30T14:34:10","guid":{"rendered":"https:\/\/www.chamannajenatsch.ch\/?p=8552"},"modified":"2025-03-30T16:34:13","modified_gmt":"2025-03-30T14:34:13","slug":"die-verflixte-zeitumstellung","status":"publish","type":"post","link":"https:\/\/www.chamannajenatsch.ch\/en\/2025\/03\/30\/die-verflixte-zeitumstellung\/","title":{"rendered":"Die verflixte Zeitumstellung"},"content":{"rendered":"<p>Oh, jetzt ist unser Besuch wieder abgereist \ud83d\ude41 Es haben heute morgen alle noch sehr fleissig beim H\u00fcttenwusel geholfen und wir haben auch noch gemeinsam die obligate Kaffeerunde gemacht. Wie immer war die Motivation nicht so gross zum abreisen, es sitzt sich halt einfach sehr gut bei uns in der K\u00fcche \ud83d\ude09 Aber dann kam doch noch die Sonne und der blaue Himmel und das macht es ja schon etwas einfacher um rauszugehen. <\/p>\n\n\n\n<p>Vera ist nun mit einer Gruppe Kollegen wieder auf dem Weg zu uns. Der Tag ist aber wieder ratz fatz vorbeigegangen. Mit der bl\u00f6den Zeitumstellung \u00fcber Nacht gab es erstens wieder Mal ein bisschen R\u00e4tseln gestern Abend, wer nach alter oder neuer Zeit um welche Uhrzeit Fr\u00fchst\u00fccken will und dann wann dass man jetzt den Wecker stellen muss, dass das Fr\u00fchst\u00fcck dann auch rechtzeitig parat ist. Und nun rennt heute die Zeit, da die Stunde ja irgendwie doch fehlt. Aber irgendwie kriegen wirs ja dann doch hin, wie jedes Jahr \ud83d\ude09<\/p>\n\n\n\n<p>Also euch einen guten Wochenstart morgen fr\u00fch mit der Sommerzeit \ud83d\ude09<\/p>","protected":false},"excerpt":{"rendered":"<p>Oh, jetzt ist unser Besuch wieder abgereist \ud83d\ude41 Es haben heute morgen alle noch sehr fleissig beim H\u00fcttenwusel geholfen und wir haben auch noch gemeinsam die obligate Kaffeerunde gemacht. Wie immer war die Motivation nicht so gross zum abreisen, es<\/p>","protected":false},"author":1,"featured_media":0,"comment_status":"closed","ping_status":"closed","sticky":false,"template":"","format":"standard","meta":{"inline_featured_image":false,"footnotes":""},"categories":[1],"tags":[],"class_list":["post-8552","post","type-post","status-publish","format-standard","hentry","category-allgemein"],"_links":{"self":[{"href":"https:\/\/www.chamannajenatsch.ch\/en\/wp-json\/wp\/v2\/posts\/8552","targetHints":{"allow":["GET"]}}],"collection":[{"href":"https:\/\/www.chamannajenatsch.ch\/en\/wp-json\/wp\/v2\/posts"}],"about":[{"href":"https:\/\/www.chamannajenatsch.ch\/en\/wp-json\/wp\/v2\/types\/post"}],"author":[{"embeddable":true,"href":"https:\/\/www.chamannajenatsch.ch\/en\/wp-json\/wp\/v2\/users\/1"}],"replies":[{"embeddable":true,"href":"https:\/\/www.chamannajenatsch.ch\/en\/wp-json\/wp\/v2\/comments?post=8552"}],"version-history":[{"count":1,"href":"https:\/\/www.chamannajenatsch.ch\/en\/wp-json\/wp\/v2\/posts\/8552\/revisions"}],"predecessor-version":[{"id":8553,"href":"https:\/\/www.chamannajenatsch.ch\/en\/wp-json\/wp\/v2\/posts\/8552\/revisions\/8553"}],"wp:attachment":[{"href":"https:\/\/www.chamannajenatsch.ch\/en\/wp-json\/wp\/v2\/media?parent=8552"}],"wp:term":[{"taxonomy":"category","embeddable":true,"href":"https:\/\/www.chamannajenatsch.ch\/en\/wp-json\/wp\/v2\/categories?post=8552"},{"taxonomy":"post_tag","embeddable":true,"href":"https:\/\/www.chamannajenatsch.ch\/en\/wp-json\/wp\/v2\/tags?post=8552"}],"curies":[{"name":"wp","href":"https:\/\/api.w.org\/{rel}","templated":true}]}}