{"id":8563,"date":"2025-04-01T17:34:32","date_gmt":"2025-04-01T15:34:32","guid":{"rendered":"https:\/\/www.chamannajenatsch.ch\/?p=8563"},"modified":"2025-04-01T17:34:34","modified_gmt":"2025-04-01T15:34:34","slug":"wegweiserkaesseli","status":"publish","type":"post","link":"https:\/\/www.chamannajenatsch.ch\/en\/2025\/04\/01\/wegweiserkaesseli\/","title":{"rendered":"Wegweiserk\u00e4sseli"},"content":{"rendered":"<p>Nach langem \u00dcberlegen haben wir uns entschieden, dass wir ab der Sommersaison ein K\u00e4sseli aufstellen beim Wegweiser vor der H\u00fctte. F\u00fcr jedes Foto vom Wegweiser, resp. Selfie mit dem Wegweiser, darf man freiwillig einen Franken ins K\u00e4sseli werfen. Dieses Geld sammeln wir dann und w\u00fcrden es f\u00fcr den Unterhalt der Wanderwege einsetzen. Und da das Ganze ja doch etwas teuer ist, kann das gesammelte Geld gut eingesetzt werden. Und unser Wegweiser ist recht fotogen und prominent! So oft sehen wir vom K\u00fcchenfenster aus G\u00e4ste, die sich mit dem Wegweiser mit dem H\u00f6henangabenschildli &#8222;Chamanna Jenatsch 2652 m \u00fc.M.&#8220; verewigen. <\/p>\n\n\n\n<p>Ansonsten ist heute die Sonne zur\u00fcckgekehrt und es hat doch \u00fcberraschend viel Neuschnee sich angesammelt die letzten Tage. Es ist wieder weiss, sogar am S\u00fcdhang Richtung Cresta Jenatsch ist das Gras wieder \u00fcberdeckt. Unsere G\u00e4ste wo jetzt gestern im st\u00fcrmischen Wetter unterwegs waren oder den Tag in der Stube &#8222;abgehockt&#8220; haben, wurden heute belohnt mit Powder und Sonne \ud83d\ude42<\/p>","protected":false},"excerpt":{"rendered":"<p>Nach langem \u00dcberlegen haben wir uns entschieden, dass wir ab der Sommersaison ein K\u00e4sseli aufstellen beim Wegweiser vor der H\u00fctte. F\u00fcr jedes Foto vom Wegweiser, resp. Selfie mit dem Wegweiser, darf man freiwillig einen Franken ins K\u00e4sseli werfen. Dieses Geld<\/p>","protected":false},"author":1,"featured_media":0,"comment_status":"closed","ping_status":"closed","sticky":false,"template":"","format":"standard","meta":{"inline_featured_image":false,"footnotes":""},"categories":[1],"tags":[],"class_list":["post-8563","post","type-post","status-publish","format-standard","hentry","category-allgemein"],"_links":{"self":[{"href":"https:\/\/www.chamannajenatsch.ch\/en\/wp-json\/wp\/v2\/posts\/8563","targetHints":{"allow":["GET"]}}],"collection":[{"href":"https:\/\/www.chamannajenatsch.ch\/en\/wp-json\/wp\/v2\/posts"}],"about":[{"href":"https:\/\/www.chamannajenatsch.ch\/en\/wp-json\/wp\/v2\/types\/post"}],"author":[{"embeddable":true,"href":"https:\/\/www.chamannajenatsch.ch\/en\/wp-json\/wp\/v2\/users\/1"}],"replies":[{"embeddable":true,"href":"https:\/\/www.chamannajenatsch.ch\/en\/wp-json\/wp\/v2\/comments?post=8563"}],"version-history":[{"count":1,"href":"https:\/\/www.chamannajenatsch.ch\/en\/wp-json\/wp\/v2\/posts\/8563\/revisions"}],"predecessor-version":[{"id":8564,"href":"https:\/\/www.chamannajenatsch.ch\/en\/wp-json\/wp\/v2\/posts\/8563\/revisions\/8564"}],"wp:attachment":[{"href":"https:\/\/www.chamannajenatsch.ch\/en\/wp-json\/wp\/v2\/media?parent=8563"}],"wp:term":[{"taxonomy":"category","embeddable":true,"href":"https:\/\/www.chamannajenatsch.ch\/en\/wp-json\/wp\/v2\/categories?post=8563"},{"taxonomy":"post_tag","embeddable":true,"href":"https:\/\/www.chamannajenatsch.ch\/en\/wp-json\/wp\/v2\/tags?post=8563"}],"curies":[{"name":"wp","href":"https:\/\/api.w.org\/{rel}","templated":true}]}}